{"id":35331,"date":"2018-11-07T10:14:33","date_gmt":"2018-11-07T12:14:33","guid":{"rendered":"https:\/\/www.anamt.org.br\/portal\/?p=35331"},"modified":"2018-11-12T11:14:02","modified_gmt":"2018-11-12T13:14:02","slug":"17o-congresso-nacional-da-anamt-save-the-date","status":"publish","type":"post","link":"https:\/\/www.anamt.org.br\/portal\/2018\/11\/07\/17o-congresso-nacional-da-anamt-save-the-date\/","title":{"rendered":"17\u00ba Congresso Nacional da ANAMT em Bras\u00edlia: Save the Date"},"content":{"rendered":"<p><img decoding=\"async\" class=\"aligncenter wp-image-35314 size-full\" src=\"https:\/\/www.anamt.org.br\/portal\/wp-content\/uploads\/2018\/10\/17_congresso_nacional_ANAMT_650x345.png\" alt=\"\" width=\"650\" height=\"345\" srcset=\"https:\/\/www.anamt.org.br\/portal\/wp-content\/uploads\/2018\/10\/17_congresso_nacional_ANAMT_650x345-200x106.png 200w, https:\/\/www.anamt.org.br\/portal\/wp-content\/uploads\/2018\/10\/17_congresso_nacional_ANAMT_650x345-300x159.png 300w, https:\/\/www.anamt.org.br\/portal\/wp-content\/uploads\/2018\/10\/17_congresso_nacional_ANAMT_650x345-400x212.png 400w, https:\/\/www.anamt.org.br\/portal\/wp-content\/uploads\/2018\/10\/17_congresso_nacional_ANAMT_650x345-600x318.png 600w, https:\/\/www.anamt.org.br\/portal\/wp-content\/uploads\/2018\/10\/17_congresso_nacional_ANAMT_650x345.png 650w\" sizes=\"(max-width: 650px) 100vw, 650px\" \/><\/p>\n<p>A Associa\u00e7\u00e3o Nacional de Medicina do Trabalho (ANAMT) promove, entre os dias 15 e 18 de maio de 2019, o 17\u00ba Congresso Nacional da ANAMT, em Bras\u00edlia (DF). Frente as diversas mudan\u00e7as que se apresentam no horizonte da sociedade brasileira e da Medicina do Trabalho, os debates ter\u00e3o como tema os &#8220;Valores essenciais frente \u00e0s transforma\u00e7\u00f5es do trabalho: hoje e amanh\u00e3&#8221;.<\/p>\n<p>Fa\u00e7a seu cadastro no site oficial e acompanhe mais informa\u00e7\u00f5es sobre o evento: <a href=\"http:\/\/www.congressoanamt2019.com.br\/\">http:\/\/www.congressoanamt2019.com.br\/<\/a><\/p>\n","protected":false},"excerpt":{"rendered":"<p>A Associa\u00e7\u00e3o Nacional de Medicina do Trabalho (ANAMT) promove, entre os dias 15 e 18 de maio de 2019, o 17\u00ba Congresso Nacional da ANAMT, em Bras\u00edlia (DF). Frente as diversas mudan\u00e7as que se apresentam no horizonte da sociedade brasileira e da Medicina do Trabalho, os debates ter\u00e3o como tema os &#8220;Valores essenciais frente \u00e0s [&hellip;]<\/p>\n","protected":false},"author":1,"featured_media":35332,"comment_status":"closed","ping_status":"closed","sticky":false,"template":"","format":"standard","meta":{"footnotes":""},"categories":[78],"tags":[],"_links":{"self":[{"href":"https:\/\/www.anamt.org.br\/portal\/wp-json\/wp\/v2\/posts\/35331"}],"collection":[{"href":"https:\/\/www.anamt.org.br\/portal\/wp-json\/wp\/v2\/posts"}],"about":[{"href":"https:\/\/www.anamt.org.br\/portal\/wp-json\/wp\/v2\/types\/post"}],"author":[{"embeddable":true,"href":"https:\/\/www.anamt.org.br\/portal\/wp-json\/wp\/v2\/users\/1"}],"replies":[{"embeddable":true,"href":"https:\/\/www.anamt.org.br\/portal\/wp-json\/wp\/v2\/comments?post=35331"}],"version-history":[{"count":0,"href":"https:\/\/www.anamt.org.br\/portal\/wp-json\/wp\/v2\/posts\/35331\/revisions"}],"wp:featuredmedia":[{"embeddable":true,"href":"https:\/\/www.anamt.org.br\/portal\/wp-json\/wp\/v2\/media\/35332"}],"wp:attachment":[{"href":"https:\/\/www.anamt.org.br\/portal\/wp-json\/wp\/v2\/media?parent=35331"}],"wp:term":[{"taxonomy":"category","embeddable":true,"href":"https:\/\/www.anamt.org.br\/portal\/wp-json\/wp\/v2\/categories?post=35331"},{"taxonomy":"post_tag","embeddable":true,"href":"https:\/\/www.anamt.org.br\/portal\/wp-json\/wp\/v2\/tags?post=35331"}],"curies":[{"name":"wp","href":"https:\/\/api.w.org\/{rel}","templated":true}]}}