{"id":35241,"date":"2018-10-26T09:14:08","date_gmt":"2018-10-26T12:14:08","guid":{"rendered":"https:\/\/www.anamt.org.br\/portal\/?p=35241"},"modified":"2018-10-26T09:20:38","modified_gmt":"2018-10-26T12:20:38","slug":"portarias-alteram-normas-regulamentadoras-no-17-e-no-6","status":"publish","type":"post","link":"https:\/\/www.anamt.org.br\/portal\/2018\/10\/26\/portarias-alteram-normas-regulamentadoras-no-17-e-no-6\/","title":{"rendered":"Trabalho: Portarias alteram normas regulamentadoras n\u00ba 17 e n\u00ba 6"},"content":{"rendered":"<p>Duas portarias que trazem altera\u00e7\u00f5es \u00e0s Normas Regulamentadoras (NR) 17 e 6 foram publicadas hoje, dia 25 de outubro, na se\u00e7\u00e3o 1 do Di\u00e1rio Oficial da Uni\u00e3o, e assinadas pelo ministro do Trabalho, Caio Vieira de Mello.<\/p>\n<p>A <a href=\"http:\/\/www.protecao.com.br\/_system\/scripts\/download.php?file=upload\/protecao_galeriaarquivo\/1257.pdf\">portaria n\u00ba 876, de 24 de outubro de 2018<\/a>, altera a reda\u00e7\u00e3o do item 17.5.3.3 da Norma Regulamentadora 17 (NR 17) &#8211; Ergonomia, para &#8220;17.5.3.3 Os m\u00e9todos de medi\u00e7\u00e3o e os n\u00edveis m\u00ednimos de iluminamento a serem observados nos locais de trabalho s\u00e3o os estabelecidos na Norma de Higiene Ocupacional n.\u00ba 11 (NHO 11) da Fundacentro &#8211; Avalia\u00e7\u00e3o dos N\u00edveis de Iluminamento em Ambientes de Trabalho Internos&#8221;. Al\u00e9m disto, revoga os itens 17.5.3.4 e 17.5.3.5 da NR 17.<\/p>\n<p>J\u00e1, a <a href=\"http:\/\/www.protecao.com.br\/_system\/scripts\/download.php?file=upload\/protecao_galeriaarquivo\/1258.pdf\">portaria n\u00ba 877, de 24 de outubro de 2018<\/a>, altera a al\u00ednea &#8220;l&#8221; do item 6.8.1 e acrescenta o item 6.9.3.2 na Norma Regulamentadora 06 (NR 06) &#8211; Equipamento de Prote\u00e7\u00e3o Individual &#8211; EPI. Essa mudan\u00e7a traz a promo\u00e7\u00e3o da adapta\u00e7\u00e3o do EPI detentor de Certificado de Aprova\u00e7\u00e3o para pessoas com defici\u00eancias.<\/p>\n<p><em>(Fonte: Revista Prote\u00e7\u00e3o)<\/em><\/p>\n","protected":false},"excerpt":{"rendered":"<p>Duas portarias que trazem altera\u00e7\u00f5es \u00e0s Normas Regulamentadoras (NR) 17 e 6 foram publicadas hoje, dia 25 de outubro, na se\u00e7\u00e3o 1 do Di\u00e1rio Oficial da Uni\u00e3o, e assinadas pelo ministro do Trabalho, Caio Vieira de Mello. A portaria n\u00ba 876, de 24 de outubro de 2018, altera a reda\u00e7\u00e3o do item 17.5.3.3 da Norma [&hellip;]<\/p>\n","protected":false},"author":1,"featured_media":32201,"comment_status":"closed","ping_status":"closed","sticky":false,"template":"","format":"standard","meta":{"footnotes":""},"categories":[79],"tags":[],"_links":{"self":[{"href":"https:\/\/www.anamt.org.br\/portal\/wp-json\/wp\/v2\/posts\/35241"}],"collection":[{"href":"https:\/\/www.anamt.org.br\/portal\/wp-json\/wp\/v2\/posts"}],"about":[{"href":"https:\/\/www.anamt.org.br\/portal\/wp-json\/wp\/v2\/types\/post"}],"author":[{"embeddable":true,"href":"https:\/\/www.anamt.org.br\/portal\/wp-json\/wp\/v2\/users\/1"}],"replies":[{"embeddable":true,"href":"https:\/\/www.anamt.org.br\/portal\/wp-json\/wp\/v2\/comments?post=35241"}],"version-history":[{"count":0,"href":"https:\/\/www.anamt.org.br\/portal\/wp-json\/wp\/v2\/posts\/35241\/revisions"}],"wp:featuredmedia":[{"embeddable":true,"href":"https:\/\/www.anamt.org.br\/portal\/wp-json\/wp\/v2\/media\/32201"}],"wp:attachment":[{"href":"https:\/\/www.anamt.org.br\/portal\/wp-json\/wp\/v2\/media?parent=35241"}],"wp:term":[{"taxonomy":"category","embeddable":true,"href":"https:\/\/www.anamt.org.br\/portal\/wp-json\/wp\/v2\/categories?post=35241"},{"taxonomy":"post_tag","embeddable":true,"href":"https:\/\/www.anamt.org.br\/portal\/wp-json\/wp\/v2\/tags?post=35241"}],"curies":[{"name":"wp","href":"https:\/\/api.w.org\/{rel}","templated":true}]}}