{"id":35224,"date":"2018-10-23T09:01:16","date_gmt":"2018-10-23T12:01:16","guid":{"rendered":"https:\/\/www.anamt.org.br\/portal\/?p=35224"},"modified":"2018-10-23T10:42:04","modified_gmt":"2018-10-23T13:42:04","slug":"congresso-paranaense-de-medicina-do-trabalho-reunira-renomado-grupo-de-palestrantes-em-curitiba","status":"publish","type":"post","link":"https:\/\/www.anamt.org.br\/portal\/2018\/10\/23\/congresso-paranaense-de-medicina-do-trabalho-reunira-renomado-grupo-de-palestrantes-em-curitiba\/","title":{"rendered":"Congresso Paranaense de Medicina do Trabalho reunir\u00e1 palestrantes em Curitiba"},"content":{"rendered":"<p>A Associa\u00e7\u00e3o Paranaense de Medicina do Trabalho (APAMT) promove nos dia 29 e 30 de novembro e 1\u00ba de dezembro, em Curitiba, a XXXIII Jornada Paranaense de Sa\u00fade Ocupacional e o VI Congresso Paranaense de Medicina de Trabalho. Realizado anualmente, o evento tem por objetivo discutir os principais desafios enfrentados hoje pela especialidade, al\u00e9m de incentivar a atualiza\u00e7\u00e3o dos profissionais que atuam na \u00e1rea, sejam m\u00e9dicos, enfermeiros, psic\u00f3logos, equipes de recursos humanos, t\u00e9cnicos de seguran\u00e7a e administradores, tendo sempre em mente que a atua\u00e7\u00e3o conjunta s\u00f3 tem a beneficiar os cuidados com o trabalhador.<\/p>\n<p>Ser\u00e3o oferecidos dois cursos pr\u00e9-congresso na quinta-feira (29\/11). No per\u00edodo da manh\u00e3 o m\u00e9dico Geraldo Celso Rocha abordar\u00e1 o tema \u201cDesaposentadoria, alta de afastamento prolongado e reabilita\u00e7\u00e3o profissional\u201d, como cuidar e fazer a reintegra\u00e7\u00e3o do colaborador de maneira saud\u00e1vel e segura. \u201cDesafios do e-Social para a Medicina do Trabalho\u201d ser\u00e1 o tema do per\u00edodo da tarde, com o tamb\u00e9m m\u00e9dico Eider Nunes Moreira, que repassar\u00e1 seu conhecimento a respeito da forma e prazos de envio de informa\u00e7\u00f5es, assim como da utiliza\u00e7\u00e3o do sistema informatizado do e-Social por meio de arquivos eletr\u00f4nicos.<\/p>\n<p>O primeiro dia da Jornada e Congresso (30\/11) inicia com palestra de abertura da presidente da ANAMT, Dra. Marcia Bandini, que apresentar\u00e1 sua percep\u00e7\u00e3o sobre o tema principal do evento\u201cRumos e perspectivas da Medicina do Trabalho no Brasil de hoje\u201d. Ap\u00f3s a abertura os participantes poder\u00e3o se dividir entre duas salas paralelas com temas como emerg\u00eancias em Medicina do Trabalho \u2013 primeiros socorros, a NR7 e atendimento a queimados -, a ergonomia do e-Social e como fator de acidente de trabalho, exame pericial e incapacidade, doen\u00e7as mentais no trabalho, uso de psicoativos e intelig\u00eancia emocional. Por fim, a inclus\u00e3o das pessoas com defici\u00eancia &#8211; PCD\u00b4s \u2013 por meio do estudo de sua caracteriza\u00e7\u00e3o e readapta\u00e7\u00e3o funcional, com o devido acompanhamento de sua atividade laboral<\/p>\n<p>No s\u00e1bado (01\/12) ser\u00e3o realizadas duas mesas-redondas, uma sobre exames complementares em Medicina do Trabalho, sua valida\u00e7\u00e3o e diretrizes da ANAMT; e a segunda sobre os novos desafios para a Medicina do Trabalho, abordando a longevidade do trabalhador ativo e os aspectos jur\u00eddicos do home office.<\/p>\n<p>Para este ano, a APAMT lan\u00e7ou uma novidade dentro da programa\u00e7\u00e3o: \u201cSeu caso em debate com especialistas\u201d. O objetivo \u00e9 que os profissionais de Medicina do Trabalho que tenham um caso de dif\u00edcil solu\u00e7\u00e3o enviem uma descri\u00e7\u00e3o da situa\u00e7\u00e3o para a Comis\u00e3o Organizadora. As inscri\u00e7\u00f5es ser\u00e3o avaliadas e quatro ser\u00e3o selecionadas para serem debatidas entre os participantes dentro da grade do evento, no fim da tarde de sexta-feira, quando tamb\u00e9m ser\u00e3o apresentados os p\u00f4steres de trabalhos cient\u00edficos.<\/p>\n<p>\u201cProcuramos trazer para a XXXIII Jornada e VI Congresso Paranaense profissionais experientes e de reconhecida atua\u00e7\u00e3o tanto na Medicina do Trabalho quanto em \u00e1reas afins. Em tempos de e-Social, constantes questionamentos jur\u00eddicos e revis\u00f5es dos benef\u00edcios previdenci\u00e1rios, entendemos que a participa\u00e7\u00e3o multidisciplinar de profissionais na \u00e1rea de sa\u00fade, seguran\u00e7a, legisla\u00e7\u00e3o e gest\u00e3o de pessoas, ir\u00e1 proporcionar um melhor conhecimento t\u00e9cnico-cient\u00edfico para encarar os desafios destes novos tempos\u201d, explica o presidente do evento e diretor financeiro da APAMT, Dr. Jos\u00e9 Ricardo Facin Ferreira.<\/p>\n<p>As inscri\u00e7\u00f5es para a XXXIII Jornada Paranaense de Sa\u00fade Ocupacional e o VI Congresso Paranaense de Medicina de Trabalho j\u00e1 est\u00e3o abertas e podem ser feitas no site <a href=\"http:\/\/www.congressoapamt.org.br\" target=\"_blank\" rel=\"noopener\">www.congressoapamt.org.br<\/a>. S\u00f3cios APAMT\/ANAMT\/ACAMT\/SOGAMT e APMT, residentes, especializandos e graduandos t\u00eam desconto no valor da taxa.<\/p>\n<h3>Servi\u00e7o:<\/h3>\n<p>XXXIII Jornada Paranaense de Sa\u00fade Ocupacional e o VI Congresso Paranaense de Medicina de Trabalho<br \/>\nData: 29, 30\/11 e 01\/12<br \/>\nLocal: Associa\u00e7\u00e3o M\u00e9dica do Paran\u00e1, Curitiba (PR)<br \/>\nMais informa\u00e7\u00f5es, programa\u00e7\u00e3o e inscri\u00e7\u00f5es: <a href=\"http:\/\/www.congressoapamt.org.br\" target=\"_blank\" rel=\"noopener\">www.congressoapamt.org.br<\/a><\/p>\n<p><img decoding=\"async\" class=\"wp-image-35225 size-600 aligncenter\" src=\"https:\/\/www.anamt.org.br\/portal\/wp-content\/uploads\/2018\/10\/congresso-apamt-2018-card-geral-600x780.jpg\" alt=\"\" width=\"600\" height=\"780\" srcset=\"https:\/\/www.anamt.org.br\/portal\/wp-content\/uploads\/2018\/10\/congresso-apamt-2018-card-geral-200x260.jpg 200w, https:\/\/www.anamt.org.br\/portal\/wp-content\/uploads\/2018\/10\/congresso-apamt-2018-card-geral-231x300.jpg 231w, https:\/\/www.anamt.org.br\/portal\/wp-content\/uploads\/2018\/10\/congresso-apamt-2018-card-geral-400x520.jpg 400w, https:\/\/www.anamt.org.br\/portal\/wp-content\/uploads\/2018\/10\/congresso-apamt-2018-card-geral-600x780.jpg 600w, https:\/\/www.anamt.org.br\/portal\/wp-content\/uploads\/2018\/10\/congresso-apamt-2018-card-geral-768x998.jpg 768w, https:\/\/www.anamt.org.br\/portal\/wp-content\/uploads\/2018\/10\/congresso-apamt-2018-card-geral-788x1024.jpg 788w, https:\/\/www.anamt.org.br\/portal\/wp-content\/uploads\/2018\/10\/congresso-apamt-2018-card-geral-800x1040.jpg 800w, https:\/\/www.anamt.org.br\/portal\/wp-content\/uploads\/2018\/10\/congresso-apamt-2018-card-geral.jpg 1000w\" sizes=\"(max-width: 600px) 100vw, 600px\" \/><\/p>\n","protected":false},"excerpt":{"rendered":"<p>A Associa\u00e7\u00e3o Paranaense de Medicina do Trabalho (APAMT) promove nos dia 29 e 30 de novembro e 1\u00ba de dezembro, em Curitiba, a XXXIII Jornada Paranaense de Sa\u00fade Ocupacional e o VI Congresso Paranaense de Medicina de Trabalho. Realizado anualmente, o evento tem por objetivo discutir os principais desafios enfrentados hoje pela especialidade, al\u00e9m de [&hellip;]<\/p>\n","protected":false},"author":1,"featured_media":30783,"comment_status":"closed","ping_status":"closed","sticky":false,"template":"","format":"standard","meta":{"footnotes":""},"categories":[78],"tags":[],"_links":{"self":[{"href":"https:\/\/www.anamt.org.br\/portal\/wp-json\/wp\/v2\/posts\/35224"}],"collection":[{"href":"https:\/\/www.anamt.org.br\/portal\/wp-json\/wp\/v2\/posts"}],"about":[{"href":"https:\/\/www.anamt.org.br\/portal\/wp-json\/wp\/v2\/types\/post"}],"author":[{"embeddable":true,"href":"https:\/\/www.anamt.org.br\/portal\/wp-json\/wp\/v2\/users\/1"}],"replies":[{"embeddable":true,"href":"https:\/\/www.anamt.org.br\/portal\/wp-json\/wp\/v2\/comments?post=35224"}],"version-history":[{"count":0,"href":"https:\/\/www.anamt.org.br\/portal\/wp-json\/wp\/v2\/posts\/35224\/revisions"}],"wp:featuredmedia":[{"embeddable":true,"href":"https:\/\/www.anamt.org.br\/portal\/wp-json\/wp\/v2\/media\/30783"}],"wp:attachment":[{"href":"https:\/\/www.anamt.org.br\/portal\/wp-json\/wp\/v2\/media?parent=35224"}],"wp:term":[{"taxonomy":"category","embeddable":true,"href":"https:\/\/www.anamt.org.br\/portal\/wp-json\/wp\/v2\/categories?post=35224"},{"taxonomy":"post_tag","embeddable":true,"href":"https:\/\/www.anamt.org.br\/portal\/wp-json\/wp\/v2\/tags?post=35224"}],"curies":[{"name":"wp","href":"https:\/\/api.w.org\/{rel}","templated":true}]}}