{"id":35145,"date":"2018-10-10T16:00:50","date_gmt":"2018-10-10T19:00:50","guid":{"rendered":"https:\/\/www.anamt.org.br\/portal\/?p=35145"},"modified":"2018-10-10T16:16:26","modified_gmt":"2018-10-10T19:16:26","slug":"inscricoes-abertas-para-o-xvii-forum-presenca-anamt-garanta-a-sua-participacao","status":"publish","type":"post","link":"https:\/\/www.anamt.org.br\/portal\/2018\/10\/10\/inscricoes-abertas-para-o-xvii-forum-presenca-anamt-garanta-a-sua-participacao\/","title":{"rendered":"Garanta agora a sua participa\u00e7\u00e3o no XVII F\u00f3rum Presen\u00e7a ANAMT"},"content":{"rendered":"<p>No dia 10 de novembro, a Associa\u00e7\u00e3o Nacional de Medicina do Trabalho (ANAMT) realizar\u00e1 o XVII F\u00f3rum Presen\u00e7a ANAMT no Centro de Conven\u00e7\u00f5es Milenium, em S\u00e3o Paulo. Este ano, o evento ter\u00e1 como tema as <em>Quest\u00f5es atuais e os desafios futuros do exerc\u00edcio da Medicina do Trabalho<\/em>.<\/p>\n<p>A inscri\u00e7\u00e3o \u00e9 exclusiva e gratuita para os associados adimplentes da ANAMT, que poder\u00e3o acompanhar os debates presencialmente e por transmiss\u00e3o online. A participa\u00e7\u00e3o tamb\u00e9m \u00e9 gratuita para residentes em Medicina do Trabalho.<\/p>\n<p>As inscri\u00e7\u00f5es est\u00e3o abertas at\u00e9 o dia 8 de novembro. Garanta a sua participa\u00e7\u00e3o e saiba mais detalhes sobre a programa\u00e7\u00e3o de palestras no site do encontro: <a href=\"https:\/\/forumanamt.com.br\/\" target=\"_blank\" rel=\"noopener\">https:\/\/forumanamt.com.br\/<\/a><\/p>\n<p><a href=\"https:\/\/forumanamt.com.br\/\" target=\"_blank\" rel=\"noopener\"><img decoding=\"async\" class=\"aligncenter wp-image-35148 size-full\" src=\"https:\/\/www.anamt.org.br\/portal\/wp-content\/uploads\/2018\/10\/xvii_forum_presenca_anamt_programacao.jpg\" alt=\"\" width=\"558\" height=\"1280\" srcset=\"https:\/\/www.anamt.org.br\/portal\/wp-content\/uploads\/2018\/10\/xvii_forum_presenca_anamt_programacao-131x300.jpg 131w, https:\/\/www.anamt.org.br\/portal\/wp-content\/uploads\/2018\/10\/xvii_forum_presenca_anamt_programacao-200x459.jpg 200w, https:\/\/www.anamt.org.br\/portal\/wp-content\/uploads\/2018\/10\/xvii_forum_presenca_anamt_programacao-400x918.jpg 400w, https:\/\/www.anamt.org.br\/portal\/wp-content\/uploads\/2018\/10\/xvii_forum_presenca_anamt_programacao-446x1024.jpg 446w, https:\/\/www.anamt.org.br\/portal\/wp-content\/uploads\/2018\/10\/xvii_forum_presenca_anamt_programacao.jpg 558w\" sizes=\"(max-width: 558px) 100vw, 558px\" \/><\/a><\/p>\n","protected":false},"excerpt":{"rendered":"<p>No dia 10 de novembro, a Associa\u00e7\u00e3o Nacional de Medicina do Trabalho (ANAMT) realizar\u00e1 o XVII F\u00f3rum Presen\u00e7a ANAMT no Centro de Conven\u00e7\u00f5es Milenium, em S\u00e3o Paulo. Este ano, o evento ter\u00e1 como tema as Quest\u00f5es atuais e os desafios futuros do exerc\u00edcio da Medicina do Trabalho. A inscri\u00e7\u00e3o \u00e9 exclusiva e gratuita para os [&hellip;]<\/p>\n","protected":false},"author":1,"featured_media":35146,"comment_status":"closed","ping_status":"closed","sticky":false,"template":"","format":"standard","meta":{"footnotes":""},"categories":[78],"tags":[],"_links":{"self":[{"href":"https:\/\/www.anamt.org.br\/portal\/wp-json\/wp\/v2\/posts\/35145"}],"collection":[{"href":"https:\/\/www.anamt.org.br\/portal\/wp-json\/wp\/v2\/posts"}],"about":[{"href":"https:\/\/www.anamt.org.br\/portal\/wp-json\/wp\/v2\/types\/post"}],"author":[{"embeddable":true,"href":"https:\/\/www.anamt.org.br\/portal\/wp-json\/wp\/v2\/users\/1"}],"replies":[{"embeddable":true,"href":"https:\/\/www.anamt.org.br\/portal\/wp-json\/wp\/v2\/comments?post=35145"}],"version-history":[{"count":0,"href":"https:\/\/www.anamt.org.br\/portal\/wp-json\/wp\/v2\/posts\/35145\/revisions"}],"wp:featuredmedia":[{"embeddable":true,"href":"https:\/\/www.anamt.org.br\/portal\/wp-json\/wp\/v2\/media\/35146"}],"wp:attachment":[{"href":"https:\/\/www.anamt.org.br\/portal\/wp-json\/wp\/v2\/media?parent=35145"}],"wp:term":[{"taxonomy":"category","embeddable":true,"href":"https:\/\/www.anamt.org.br\/portal\/wp-json\/wp\/v2\/categories?post=35145"},{"taxonomy":"post_tag","embeddable":true,"href":"https:\/\/www.anamt.org.br\/portal\/wp-json\/wp\/v2\/tags?post=35145"}],"curies":[{"name":"wp","href":"https:\/\/api.w.org\/{rel}","templated":true}]}}