{"id":35142,"date":"2018-10-10T15:38:32","date_gmt":"2018-10-10T18:38:32","guid":{"rendered":"https:\/\/www.anamt.org.br\/portal\/?p=35142"},"modified":"2018-10-10T15:38:32","modified_gmt":"2018-10-10T18:38:32","slug":"iv-congresso-brasileiro-de-medicina-legal-e-pericias-medicas-2018-2","status":"publish","type":"post","link":"https:\/\/www.anamt.org.br\/portal\/2018\/10\/10\/iv-congresso-brasileiro-de-medicina-legal-e-pericias-medicas-2018-2\/","title":{"rendered":"IV Congresso Brasileiro de Medicina Legal e Per\u00edcias M\u00e9dicas \u2013 2018"},"content":{"rendered":"<p>A Associa\u00e7\u00e3o Brasileira de Medicina Legal e Per\u00edcias M\u00e9dicas promove, em novembro, o mais importante evento cient\u00edfico da especialidade, o IV Congresso Brasileiro da ABMLPM, que contar\u00e1 com m\u00e9dicos peritos de todas as regi\u00f5es do pa\u00eds.<\/p>\n<p>O Congresso tem como tema central a \u201cEXPERI\u00caNCIA PROFISSIONAL E FUNDAMENTOS CIENT\u00cdFICOS\u201d englobando Per\u00edcias Previdenci\u00e1ria, Trabalhista, C\u00edvil, Criminal, Securit\u00e1ria, Administrativa e Militar, al\u00e9m de temas do Direito M\u00e9dico, Toxicologia Forense, Antropologia Forense, Auditoria e ensino da Medicina Legal e Per\u00edcias M\u00e9dicas.<\/p>\n<p>Mais informa\u00e7\u00f5es e inscri\u00e7\u00e3o, acesse o site do Congresso: <a href=\"http:\/\/www.congressoabmlpm.com.br\" target=\"_blank\" rel=\"noopener\">www.congressoabmlpm.com.br<\/a><\/p>\n<p><img decoding=\"async\" class=\"alignnone\" src=\"http:\/\/abmlpm.org.br\/wp-content\/uploads\/2018\/07\/post_de_apresentacao_2-1024x1024.png\" alt=\"\" width=\"1024\" height=\"1024\" \/><\/p>\n","protected":false},"excerpt":{"rendered":"<p>A Associa\u00e7\u00e3o Brasileira de Medicina Legal e Per\u00edcias M\u00e9dicas promove, em novembro, o mais importante evento cient\u00edfico da especialidade, o IV Congresso Brasileiro da ABMLPM, que contar\u00e1 com m\u00e9dicos peritos de todas as regi\u00f5es do pa\u00eds. O Congresso tem como tema central a \u201cEXPERI\u00caNCIA PROFISSIONAL E FUNDAMENTOS CIENT\u00cdFICOS\u201d englobando Per\u00edcias Previdenci\u00e1ria, Trabalhista, C\u00edvil, Criminal, Securit\u00e1ria, [&hellip;]<\/p>\n","protected":false},"author":1,"featured_media":35143,"comment_status":"closed","ping_status":"closed","sticky":false,"template":"","format":"standard","meta":{"footnotes":""},"categories":[78],"tags":[],"_links":{"self":[{"href":"https:\/\/www.anamt.org.br\/portal\/wp-json\/wp\/v2\/posts\/35142"}],"collection":[{"href":"https:\/\/www.anamt.org.br\/portal\/wp-json\/wp\/v2\/posts"}],"about":[{"href":"https:\/\/www.anamt.org.br\/portal\/wp-json\/wp\/v2\/types\/post"}],"author":[{"embeddable":true,"href":"https:\/\/www.anamt.org.br\/portal\/wp-json\/wp\/v2\/users\/1"}],"replies":[{"embeddable":true,"href":"https:\/\/www.anamt.org.br\/portal\/wp-json\/wp\/v2\/comments?post=35142"}],"version-history":[{"count":0,"href":"https:\/\/www.anamt.org.br\/portal\/wp-json\/wp\/v2\/posts\/35142\/revisions"}],"wp:featuredmedia":[{"embeddable":true,"href":"https:\/\/www.anamt.org.br\/portal\/wp-json\/wp\/v2\/media\/35143"}],"wp:attachment":[{"href":"https:\/\/www.anamt.org.br\/portal\/wp-json\/wp\/v2\/media?parent=35142"}],"wp:term":[{"taxonomy":"category","embeddable":true,"href":"https:\/\/www.anamt.org.br\/portal\/wp-json\/wp\/v2\/categories?post=35142"},{"taxonomy":"post_tag","embeddable":true,"href":"https:\/\/www.anamt.org.br\/portal\/wp-json\/wp\/v2\/tags?post=35142"}],"curies":[{"name":"wp","href":"https:\/\/api.w.org\/{rel}","templated":true}]}}