{"id":35069,"date":"2018-10-05T10:58:05","date_gmt":"2018-10-05T13:58:05","guid":{"rendered":"https:\/\/www.anamt.org.br\/portal\/?p=35069"},"modified":"2018-10-05T11:04:57","modified_gmt":"2018-10-05T14:04:57","slug":"esocial-oficializadas-novas-datas-para-envio-de-leiautes-de-sst","status":"publish","type":"post","link":"https:\/\/www.anamt.org.br\/portal\/2018\/10\/05\/esocial-oficializadas-novas-datas-para-envio-de-leiautes-de-sst\/","title":{"rendered":"eSocial: oficializadas novas datas para envio de leiautes de SST"},"content":{"rendered":"<p>Foram oficializadas hoje (5) na Se\u00e7\u00e3o 1 do Di\u00e1rio Oficial da Uni\u00e3o as novas datas para a presta\u00e7\u00e3o de informa\u00e7\u00f5es dos eventos relativos \u00e0 Sa\u00fade e Seguran\u00e7a do Trabalho no eSocial.<\/p>\n<p>Conforme a <a href=\"http:\/\/www.protecao.com.br\/_system\/scripts\/download.php?file=upload\/protecao_galeriaarquivo\/1253.pdf\">Resolu\u00e7\u00e3o n\u00ba 5<\/a>, do Comit\u00ea Diretivo do eSocial, os novos prazos s\u00e3o:<\/p>\n<p>&#8211; julho de 2019 para os integrantes do 1\u00ba Grupo (empresas com faturamento anual maior de R$ 78 milh\u00f5es);<\/p>\n<p>&#8211; janeiro de 2020 para os integrantes do 2\u00ba Grupo (empresas com faturamento anual entre R$ 4,8 milh\u00f5es e R$ 78 milh\u00f5es);<\/p>\n<p>&#8211; julho de 2020 para integrantes do 3\u00ba Grupo (demais entidades jur\u00eddicas, com micro, pequenas e MEIs, associa\u00e7\u00f5es);<\/p>\n<p>&#8211; janeiro de 2021 para os integrantes do 4\u00ba Grupo (\u00f3rg\u00e3os p\u00fablicos e entidades internacionais).<\/p>\n<p>A previs\u00e3o \u00e9 que em janeiro do ano que vem seja disponibilizado o sistema de homologa\u00e7\u00e3o das empresas de software, sendo liberados os ambientes de testes com os leiautes de SST para todas as empresas em mar\u00e7o de 2019.<\/p>\n<p><em>(Fonte: Reda\u00e7\u00e3o Revista Prote\u00e7\u00e3o)<\/em><\/p>\n<h3>Leia mais<\/h3>\n<ul>\n<li class=\"entry-title fusion-post-title\"><a href=\"https:\/\/www.anamt.org.br\/portal\/2018\/09\/18\/reuniao-cientifica-da-anamt-aborda-a-adesao-ao-esocial\/\">Reuni\u00e3o Cient\u00edfica da ANAMT aborda a ades\u00e3o e implanta\u00e7\u00e3o do eSocial<\/a><\/li>\n<\/ul>\n","protected":false},"excerpt":{"rendered":"<p>Foram oficializadas hoje (5) na Se\u00e7\u00e3o 1 do Di\u00e1rio Oficial da Uni\u00e3o as novas datas para a presta\u00e7\u00e3o de informa\u00e7\u00f5es dos eventos relativos \u00e0 Sa\u00fade e Seguran\u00e7a do Trabalho no eSocial. Conforme a Resolu\u00e7\u00e3o n\u00ba 5, do Comit\u00ea Diretivo do eSocial, os novos prazos s\u00e3o: &#8211; julho de 2019 para os integrantes do 1\u00ba Grupo [&hellip;]<\/p>\n","protected":false},"author":1,"featured_media":32195,"comment_status":"closed","ping_status":"closed","sticky":false,"template":"","format":"standard","meta":{"footnotes":""},"categories":[79],"tags":[],"_links":{"self":[{"href":"https:\/\/www.anamt.org.br\/portal\/wp-json\/wp\/v2\/posts\/35069"}],"collection":[{"href":"https:\/\/www.anamt.org.br\/portal\/wp-json\/wp\/v2\/posts"}],"about":[{"href":"https:\/\/www.anamt.org.br\/portal\/wp-json\/wp\/v2\/types\/post"}],"author":[{"embeddable":true,"href":"https:\/\/www.anamt.org.br\/portal\/wp-json\/wp\/v2\/users\/1"}],"replies":[{"embeddable":true,"href":"https:\/\/www.anamt.org.br\/portal\/wp-json\/wp\/v2\/comments?post=35069"}],"version-history":[{"count":0,"href":"https:\/\/www.anamt.org.br\/portal\/wp-json\/wp\/v2\/posts\/35069\/revisions"}],"wp:featuredmedia":[{"embeddable":true,"href":"https:\/\/www.anamt.org.br\/portal\/wp-json\/wp\/v2\/media\/32195"}],"wp:attachment":[{"href":"https:\/\/www.anamt.org.br\/portal\/wp-json\/wp\/v2\/media?parent=35069"}],"wp:term":[{"taxonomy":"category","embeddable":true,"href":"https:\/\/www.anamt.org.br\/portal\/wp-json\/wp\/v2\/categories?post=35069"},{"taxonomy":"post_tag","embeddable":true,"href":"https:\/\/www.anamt.org.br\/portal\/wp-json\/wp\/v2\/tags?post=35069"}],"curies":[{"name":"wp","href":"https:\/\/api.w.org\/{rel}","templated":true}]}}