{"id":35058,"date":"2018-10-03T09:49:28","date_gmt":"2018-10-03T12:49:28","guid":{"rendered":"https:\/\/www.anamt.org.br\/portal\/?p=35058"},"modified":"2018-10-03T09:50:38","modified_gmt":"2018-10-03T12:50:38","slug":"conheca-os-direitos-das-trabalhadoras-diagnosticadas-com-cancer-de-mama","status":"publish","type":"post","link":"https:\/\/www.anamt.org.br\/portal\/2018\/10\/03\/conheca-os-direitos-das-trabalhadoras-diagnosticadas-com-cancer-de-mama\/","title":{"rendered":"Conhe\u00e7a os direitos das trabalhadoras diagnosticadas com c\u00e2ncer de mama"},"content":{"rendered":"<p>O c\u00e2ncer de mama causou o afastamento de mais de 21 mil mulheres do trabalho no ano passado. A doen\u00e7a \u00e9 o tipo de c\u00e2ncer de maior incid\u00eancia na popula\u00e7\u00e3o feminina brasileira, depois do de pele n\u00e3o melanoma, respondendo por cerca de 29% dos novos casos a cada ano. Somente em 2018, a estimativa \u00e9 de que 59,7 mil novos casos sejam detectados, segundo o Instituto Nacional de C\u00e2ncer Jos\u00e9 Alencar Gomes da Silva (Inca).<\/p>\n<p>Neste m\u00eas dedicado \u00e0 preven\u00e7\u00e3o e tratamento da doen\u00e7a, mais uma vez o Minist\u00e9rio do Trabalho adere \u00e0 campanha Outubro Rosa e esclarece sobre os direitos das trabalhadoras diagnosticadas com neoplasia maligna de mama.<\/p>\n<p>Na fase sintom\u00e1tica da doen\u00e7a, toda trabalhadora celetista poder\u00e1 fazer o saque do Fundo de Garantia do Tempo de Servi\u00e7o (FGTS), assim como do benef\u00edcio PIS\/Pasep, este no valor de um sal\u00e1rio m\u00ednimo e que poder\u00e1 ser retirado em ag\u00eancias da Caixa Econ\u00f4mica Federal ou Banco do Brasil. A trabalhadora tamb\u00e9m tem direito ao aux\u00edlio-doen\u00e7a e, em casos mais avan\u00e7ados, pode requerer a aposentadoria por invalidez.<\/p>\n<h3>Acompanhante<\/h3>\n<p>Caso a trabalhadora necessite de cuidados permanentes de outra pessoa, al\u00e9m da aposentadoria por invalidez, tamb\u00e9m tem o direito a um acr\u00e9scimo de 25% no valor do benef\u00edcio, conhecido por Aux\u00edlio Acompanhante, conforme previsto na <a href=\"http:\/\/www.planalto.gov.br\/ccivil_03\/LEIS\/L8213compilado.htm\" rel=\"alternate\">Lei n\u00ba 8.213\/91<\/a>. O valor adicional \u00e9 pago pelo Instituto Nacional de Seguro Social (INSS) de forma vital\u00edcia. Al\u00e9m disso, pode-se requerer na Receita Federal a isen\u00e7\u00e3o total do Imposto de Renda de Pessoa F\u00edsica.<\/p>\n<p>Para ter acesso a esses tipos de benef\u00edcios \u00e9 necess\u00e1rio estar na qualidade de segurada da Previd\u00eancia Social e passar pela per\u00edcia m\u00e9dica do INSS para comprova\u00e7\u00e3o da incapacidade de trabalho.<\/p>\n<h3>Redu\u00e7\u00e3o da Mortalidade<\/h3>\n<p>Iniciado na d\u00e9cada de 1990, o movimento Outubro Rosa tem o objetivo de estimular a popula\u00e7\u00e3o feminina brasileira no controle do c\u00e2ncer de mama. Realizada todos os anos, a campanha \u00e9 utilizada para compartilhar informa\u00e7\u00f5es sobre o c\u00e2ncer, promover esclarecimentos, proporcionar maior acesso aos servi\u00e7os de diagn\u00f3stico e de tratamento, a fim de contribuir para a redu\u00e7\u00e3o da mortalidade.<\/p>\n<p>Uma das estrat\u00e9gias \u00e9 incentivar a realiza\u00e7\u00e3o do autoexame, um importante aliado no tratamento do c\u00e2ncer de mama em mulheres de todas as idades. Quando a doen\u00e7a \u00e9 detectada nas fases iniciais, s\u00e3o maiores as chances de tratamento e cura.<\/p>\n<p>O Inca recomenda que mulheres de 50 a 69 anos fa\u00e7am uma mamografia de rastreamento (quando n\u00e3o h\u00e1 sinais nem sintomas) a cada dois anos. Esse exame pode ajudar a identificar o c\u00e2ncer antes do surgimento dos sintomas.<\/p>\n<p><em>(Fonte: Minist\u00e9rio do Trabalho)<\/em><\/p>\n","protected":false},"excerpt":{"rendered":"<p>O c\u00e2ncer de mama causou o afastamento de mais de 21 mil mulheres do trabalho no ano passado. A doen\u00e7a \u00e9 o tipo de c\u00e2ncer de maior incid\u00eancia na popula\u00e7\u00e3o feminina brasileira, depois do de pele n\u00e3o melanoma, respondendo por cerca de 29% dos novos casos a cada ano. Somente em 2018, a estimativa \u00e9 [&hellip;]<\/p>\n","protected":false},"author":1,"featured_media":31652,"comment_status":"closed","ping_status":"closed","sticky":false,"template":"","format":"standard","meta":{"footnotes":""},"categories":[79],"tags":[],"_links":{"self":[{"href":"https:\/\/www.anamt.org.br\/portal\/wp-json\/wp\/v2\/posts\/35058"}],"collection":[{"href":"https:\/\/www.anamt.org.br\/portal\/wp-json\/wp\/v2\/posts"}],"about":[{"href":"https:\/\/www.anamt.org.br\/portal\/wp-json\/wp\/v2\/types\/post"}],"author":[{"embeddable":true,"href":"https:\/\/www.anamt.org.br\/portal\/wp-json\/wp\/v2\/users\/1"}],"replies":[{"embeddable":true,"href":"https:\/\/www.anamt.org.br\/portal\/wp-json\/wp\/v2\/comments?post=35058"}],"version-history":[{"count":0,"href":"https:\/\/www.anamt.org.br\/portal\/wp-json\/wp\/v2\/posts\/35058\/revisions"}],"wp:featuredmedia":[{"embeddable":true,"href":"https:\/\/www.anamt.org.br\/portal\/wp-json\/wp\/v2\/media\/31652"}],"wp:attachment":[{"href":"https:\/\/www.anamt.org.br\/portal\/wp-json\/wp\/v2\/media?parent=35058"}],"wp:term":[{"taxonomy":"category","embeddable":true,"href":"https:\/\/www.anamt.org.br\/portal\/wp-json\/wp\/v2\/categories?post=35058"},{"taxonomy":"post_tag","embeddable":true,"href":"https:\/\/www.anamt.org.br\/portal\/wp-json\/wp\/v2\/tags?post=35058"}],"curies":[{"name":"wp","href":"https:\/\/api.w.org\/{rel}","templated":true}]}}