{"id":35024,"date":"2018-09-29T16:46:56","date_gmt":"2018-09-29T19:46:56","guid":{"rendered":"https:\/\/www.anamt.org.br\/portal\/?p=35024"},"modified":"2018-10-03T08:40:05","modified_gmt":"2018-10-03T11:40:05","slug":"no-encerramento-conferencia-pan-americana-consolida-o-aprendizado-com-18-paises-e-inicia-os-proximos-passos","status":"publish","type":"post","link":"https:\/\/www.anamt.org.br\/portal\/2018\/09\/29\/no-encerramento-conferencia-pan-americana-consolida-o-aprendizado-com-18-paises-e-inicia-os-proximos-passos\/","title":{"rendered":"Confer\u00eancia Pan-Americana consolida o aprendizado com 18 pa\u00edses e pr\u00f3ximos passos"},"content":{"rendered":"<p>No encerramento da Confer\u00eancia, a mesa redonda Contribui\u00e7\u00e3o da Confer\u00eancia Pan-Americana para a Sa\u00fade do Trabalhador e Ambiental: pr\u00f3ximos passos, refletiu sobre os assuntos abordados ao longo dos quatro dias de evento. O presidente da ANAMT, Dr. Paulo Rebelo, Dr. William Busch, Dr. Luis Garcia, Dr. Igor Bello, Dr. Richard Heron e a diretora cient\u00edfica da ANAMT, Dra. Elizabeth Dias, participaram do debate. Eles destacaram o marco que o evento representa para os pa\u00edses participantes, a troca de experi\u00eancias, as oportunidades identificadas, a import\u00e2ncia de levar os temas abordados para os ambientes de trabalho e as pr\u00f3ximas edi\u00e7\u00f5es do evento.<\/p>\n<p>&#8220;Iniciamos uma nova hist\u00f3ria para os pa\u00edses latino-americanos, conhecemos um pouco a situa\u00e7\u00e3o de outros pa\u00edses e desenvolvemos uma melhor vis\u00e3o sobre os temas. O compromisso aqui \u00e9 de continuar trabalhando juntos&#8221;, destacou Dr. Luis Garcia.<\/p>\n<p>&#8220;Fizemos que o mundo da sa\u00fade ocupacional falasse do Brasil essa semana. Tivemos coment\u00e1rios agrad\u00e1veis e com entusiasmo de organiza\u00e7\u00f5es como a OPAS. Vamos juntos na mesma dire\u00e7\u00e3o pela sa\u00fade dos trabalhadores em todo o mundo&#8221;, ressaltou Dr. Igor Bello.<\/p>\n<p>Dra. Elizabeth Dias falou sobre a sensa\u00e7\u00e3o de dever cumprido e da import\u00e2ncia do F\u00f3rum de Pol\u00edticas P\u00fablicas, ocorrido durante a Confer\u00eancia, o que propiciou a aproxima\u00e7\u00e3o dos participantes, que identificaram problemas em cada pa\u00eds.<\/p>\n<h3>Manifesto do Rio de Janeiro<\/h3>\n<p>Em seguida, foi feita a leitura do Manifesto do Rio de Janeiro, documento redigido ao longo do evento. Entre as a\u00e7\u00f5es listadas a serem desenvolvidas pelos participantes da Confer\u00eancia, convocar os atores sociais de cada pa\u00eds para discutir solu\u00e7\u00f5es para o quadro apresentado no texto e a continuidade da troca de experi\u00eancias.<\/p>\n<p>O diretor de Rela\u00e7\u00f5es Internacionais da ANAMT, Dr. Jo\u00e3o Silvestre da Silva J\u00fanior, entregou os certificados dos trabalhos que se destacaram no evento.\u00a0Os trabalhos Mal\u00e1ria no estado brasileiro do Amap\u00e1: uma an\u00e1lise epidemiol\u00f3gica do Garimpo do Louren\u00e7o e do munic\u00edpio de Cal\u00e7oense, 2012 a 2017, de Arthur da Cunha; Elabora\u00e7\u00e3o e valida\u00e7\u00e3o de instrumento de conhecimentos sobre a vida laboral das pessoas que vivem com HIV\/AIDS; de Laura Maria Campello Martins; e Mudan\u00e7a de fun\u00e7\u00e3o para atividade compat\u00edvel de uma funcion\u00e1ria com restri\u00e7\u00e3o: relato de um caso de nesidioblastose ap\u00f3s realiza\u00e7\u00e3o de cirurgia bari\u00e1trica, de Moacyr de Godoy Moreira foram selecionados e os expositores foram premiados com uma inscri\u00e7\u00e3o para o Congresso Nacional da ANAMT, em maio de 2019, em Bras\u00edlia.<\/p>\n<p>Dra. Nadja Ferreira, da Associa\u00e7\u00e3o Brasileira de Medicina do Trabalho (ABMT), federada fluminense da ANAMT, agradeceu aos participantes. &#8220;Constru\u00edmos um marco hist\u00f3rico pela Medicina do Trabalho no Brasil&#8221;.<\/p>\n<p>No encerramento, Dr. Paulo Rebelo agradeceu aos mais de 300 participantes dos 18 pa\u00edses. &#8220;Isso \u00e9 um ponto de partida. O mais importante \u00e9 que criamos v\u00ednculos, assim como temos diferen\u00e7as e desejos em comum&#8221;. O presidente da ANAMT tamb\u00e9m abordou o contexto social discutido no evento, como precariza\u00e7\u00e3o do trabalho em decorr\u00eancia da crise econ\u00f4mica e os movimentos migrat\u00f3rios em todo o mundo, e refor\u00e7ou a import\u00e2ncia do fortalecimento das redes de relacionamento entre as organiza\u00e7\u00f5es para a identifica\u00e7\u00e3o de interesses em comum e da divulga\u00e7\u00e3o de pol\u00edticas p\u00fablicas e privadas e de guias de refer\u00eancia para disseminar o conhecimento entre os m\u00e9dicos do trabalho, assim como os avan\u00e7os tecnol\u00f3gicos.<\/p>\n<p>&#8220;Que os profissionais da sa\u00fade fa\u00e7am uso das novas tecnologias na \u00e1rea para compreender cada indiv\u00edduo em sua integridade e possamos derrubar as barreiras do preconceito para integrar grupos em situa\u00e7\u00e3o de vulnerabilidade&#8221;, pontuou Dr. Paulo. Ao final, os participantes da mesa redonda receberam placas de homenagem pela participa\u00e7\u00e3o.<\/p>\n<p><img decoding=\"async\" class=\"size-full wp-image-35026 aligncenter\" src=\"https:\/\/www.anamt.org.br\/portal\/wp-content\/uploads\/2018\/09\/DoRRUc7WkAABrqe.jpg\" alt=\"\" width=\"650\" height=\"356\" srcset=\"https:\/\/www.anamt.org.br\/portal\/wp-content\/uploads\/2018\/09\/DoRRUc7WkAABrqe-200x110.jpg 200w, https:\/\/www.anamt.org.br\/portal\/wp-content\/uploads\/2018\/09\/DoRRUc7WkAABrqe-300x164.jpg 300w, https:\/\/www.anamt.org.br\/portal\/wp-content\/uploads\/2018\/09\/DoRRUc7WkAABrqe-400x219.jpg 400w, https:\/\/www.anamt.org.br\/portal\/wp-content\/uploads\/2018\/09\/DoRRUc7WkAABrqe-600x329.jpg 600w, https:\/\/www.anamt.org.br\/portal\/wp-content\/uploads\/2018\/09\/DoRRUc7WkAABrqe.jpg 650w\" sizes=\"(max-width: 650px) 100vw, 650px\" \/><\/p>\n<p style=\"text-align: center;\"><em>Encerramento da Confer\u00eancia\u00a0Pan-Americana para a Sa\u00fade do Trabalhador e Ambiental<\/em><\/p>\n","protected":false},"excerpt":{"rendered":"<p>No encerramento da Confer\u00eancia, a mesa redonda Contribui\u00e7\u00e3o da Confer\u00eancia Pan-Americana para a Sa\u00fade do Trabalhador e Ambiental: pr\u00f3ximos passos, refletiu sobre os assuntos abordados ao longo dos quatro dias de evento. O presidente da ANAMT, Dr. Paulo Rebelo, Dr. William Busch, Dr. Luis Garcia, Dr. Igor Bello, Dr. Richard Heron e a diretora cient\u00edfica [&hellip;]<\/p>\n","protected":false},"author":1,"featured_media":35025,"comment_status":"closed","ping_status":"closed","sticky":false,"template":"","format":"standard","meta":{"footnotes":""},"categories":[78],"tags":[],"_links":{"self":[{"href":"https:\/\/www.anamt.org.br\/portal\/wp-json\/wp\/v2\/posts\/35024"}],"collection":[{"href":"https:\/\/www.anamt.org.br\/portal\/wp-json\/wp\/v2\/posts"}],"about":[{"href":"https:\/\/www.anamt.org.br\/portal\/wp-json\/wp\/v2\/types\/post"}],"author":[{"embeddable":true,"href":"https:\/\/www.anamt.org.br\/portal\/wp-json\/wp\/v2\/users\/1"}],"replies":[{"embeddable":true,"href":"https:\/\/www.anamt.org.br\/portal\/wp-json\/wp\/v2\/comments?post=35024"}],"version-history":[{"count":0,"href":"https:\/\/www.anamt.org.br\/portal\/wp-json\/wp\/v2\/posts\/35024\/revisions"}],"wp:featuredmedia":[{"embeddable":true,"href":"https:\/\/www.anamt.org.br\/portal\/wp-json\/wp\/v2\/media\/35025"}],"wp:attachment":[{"href":"https:\/\/www.anamt.org.br\/portal\/wp-json\/wp\/v2\/media?parent=35024"}],"wp:term":[{"taxonomy":"category","embeddable":true,"href":"https:\/\/www.anamt.org.br\/portal\/wp-json\/wp\/v2\/categories?post=35024"},{"taxonomy":"post_tag","embeddable":true,"href":"https:\/\/www.anamt.org.br\/portal\/wp-json\/wp\/v2\/tags?post=35024"}],"curies":[{"name":"wp","href":"https:\/\/api.w.org\/{rel}","templated":true}]}}