{"id":35021,"date":"2018-09-29T12:32:52","date_gmt":"2018-09-29T15:32:52","guid":{"rendered":"https:\/\/www.anamt.org.br\/portal\/?p=35021"},"modified":"2018-09-29T16:50:34","modified_gmt":"2018-09-29T19:50:34","slug":"prevencao-como-ferramenta-para-qualidade-de-vida-e-abordada-na-conferencia-pan-americana","status":"publish","type":"post","link":"https:\/\/www.anamt.org.br\/portal\/2018\/09\/29\/prevencao-como-ferramenta-para-qualidade-de-vida-e-abordada-na-conferencia-pan-americana\/","title":{"rendered":"Preven\u00e7\u00e3o como ferramenta para qualidade de vida \u00e9 abordada na Confer\u00eancia"},"content":{"rendered":"<p>No dia 29 de setembro, a Confer\u00eancia Pan-Americana de Sa\u00fade do Trabalhador e Ambiental realizou semiplen\u00e1rias que abordaram a import\u00e2ncia da preven\u00e7\u00e3o na promo\u00e7\u00e3o da sa\u00fade e os desafios trazidos pela tecnologia. Dr. Casey Chosewood, do National Institute for Occupational Safety and Health (NIOSH), tratou da Sa\u00fade Integral do Trabalhador. Ele destacou os desafios do mundo do trabalho em um contexto de avan\u00e7os tecnol\u00f3gicos cada vez mais \u00e1geis que podem diminuir, influenciar significativamente a produtividade das pessoas, o que diminui empregos, ou substituir o trabalho, com conseq\u00fc\u00eancias como estresse dos trabalhadores e, no futuro, a inclus\u00e3o de rob\u00f4s ou outros dispositivos tecnol\u00f3gicos na supervis\u00e3o das pessoas.Risco de acidentes mais graves e maiores dificuldades no retorno ao trabalho dos acidentados s\u00e3o algumas das dificuldades apontadas pelo palestrante nessa situa\u00e7\u00e3o.<\/p>\n<p>Dr. Nick Pahl, da Society Occupational Medicine (SOM), do Reino Unido, tratou de Governan\u00e7a e Advocacia, apresenta\u00e7\u00e3o presidida pela Dra. Marcia Bandini. Ele destacou os principais pontos do conceito, al\u00e9m dos pr\u00f3s de sua aplicabilidade, como redu\u00e7\u00e3o dos custos, acesso a novas informa\u00e7\u00f5es que podem auxiliar outras especialidades m\u00e9dicas e descoberta de novas oportunidades de trabalho no tema. Entre os pontos negativos, dificuldade de continuidade das a\u00e7\u00f5es e de mostrar resultados consistentes em prazos menores.<\/p>\n<p>Em seguida, Dr. Pahl enumerou as etapas estabelecimento da Advocacia, como identifica\u00e7\u00e3o do objetivo, porqu\u00ea e quando iniciar as a\u00e7\u00f5es, p\u00fablico das mesmas e formas de entregar a mensagem. Para a efetividade do planejamento, ele destacou a import\u00e2ncia de explicar claramente os eventuais desdobramentos do problema para os pacientes e a comunidade.<\/p>\n<p>A incid\u00eancia de doen\u00e7as mentais e f\u00edsicas e a influ\u00eancia das mesmas na produtividade e na plena sa\u00fade dos trabalhadores foram abordadas na apresenta\u00e7\u00e3o do Dr. Richard Heron, da SOM, sobre Trabalho Seguro, Saud\u00e1vel e Produtivo &#8211; Um sonho ou realidade na Quarta Revolu\u00e7\u00e3o Industrial. Ele apresentou o quadro do Reino Unido, onde 25% dos trabalhadores apresentam doen\u00e7as f\u00edsicas e um ter\u00e7o t\u00eam doen\u00e7as de longo prazo. Ele destacou que \u00e9 preciso mudar a forma como o adoecimento e a sa\u00fade dos trabalhadores \u00e9 feita, com foco no cuidado, j\u00e1 que pessoas saud\u00e1veis s\u00e3o trabalhadores saud\u00e1veis.<\/p>\n<p>Dr. Ron Loeppke, da ACOEM, ministrou a semiplen\u00e1ria sobre Ambientes de Trabalho mais Saud\u00e1veis e Seguros: Impulsionando o Poder da Preven\u00e7\u00e3o. Ele ressaltou a import\u00e2ncia de pr\u00e1ticas no ambiente de trabalho que previnam doen\u00e7as cr\u00f4nicas entre os trabalhadores, como doen\u00e7as do cora\u00e7\u00e3o, pulm\u00e3o, transtornos mentais e diabetes, iniciativas mais baratas e que diminuem os custos do sistema de sa\u00fade \u00e0 longo prazo.<\/p>\n<p>Segundo o palestrante, 75% dos custos do sistema de sa\u00fade norte-americano s\u00e3o em doen\u00e7as cr\u00f4nicas, que poderiam ser evitadas com h\u00e1bitos saud\u00e1veis e acompanhamento preventivo. Ele tamb\u00e9m mencionou o quadro de trabalhadores com doen\u00e7as como s\u00edndrome de Burnout e dist\u00farbios musculoesquel\u00e9ticos no pa\u00eds.<\/p>\n<p>Em outra semiplen\u00e1ria, Dra. Milena Cordeiro, da Universidade Federal da Bahia (UFBA), discorreu sobre A\u00e7\u00f5es de Notifica\u00e7\u00e3o e agravos \u00e0 sa\u00fade relacionados ao trabalho no eixo panamericano. Ferramenta que permite conhecer melhor as causas e contextos dos acidentes e doen\u00e7as relacionadas ao trabalho, a especialista ressaltou que as notifica\u00e7\u00f5es s\u00e3o um recorte de um quadro mais amplo, j\u00e1 que abrange somente o mercado de trabalho formal. Nesse contexto, ela falou sobre a import\u00e2ncia da conscientiza\u00e7\u00e3o dos profissionais da sa\u00fade para o preenchimento correto e com dados de qualidade. Ela ainda explicou que as interfaces do sistema de envio n\u00e3o permite recortes territoriais mais espec\u00edficos, quadros que podem ser estudados por profissionais capacitados, que podem transformar as informa\u00e7\u00f5es em conhecimento.<\/p>\n","protected":false},"excerpt":{"rendered":"<p>No dia 29 de setembro, a Confer\u00eancia Pan-Americana de Sa\u00fade do Trabalhador e Ambiental realizou semiplen\u00e1rias que abordaram a import\u00e2ncia da preven\u00e7\u00e3o na promo\u00e7\u00e3o da sa\u00fade e os desafios trazidos pela tecnologia. Dr. Casey Chosewood, do National Institute for Occupational Safety and Health (NIOSH), tratou da Sa\u00fade Integral do Trabalhador. Ele destacou os desafios do [&hellip;]<\/p>\n","protected":false},"author":1,"featured_media":34720,"comment_status":"closed","ping_status":"closed","sticky":false,"template":"","format":"standard","meta":{"footnotes":""},"categories":[78],"tags":[],"_links":{"self":[{"href":"https:\/\/www.anamt.org.br\/portal\/wp-json\/wp\/v2\/posts\/35021"}],"collection":[{"href":"https:\/\/www.anamt.org.br\/portal\/wp-json\/wp\/v2\/posts"}],"about":[{"href":"https:\/\/www.anamt.org.br\/portal\/wp-json\/wp\/v2\/types\/post"}],"author":[{"embeddable":true,"href":"https:\/\/www.anamt.org.br\/portal\/wp-json\/wp\/v2\/users\/1"}],"replies":[{"embeddable":true,"href":"https:\/\/www.anamt.org.br\/portal\/wp-json\/wp\/v2\/comments?post=35021"}],"version-history":[{"count":0,"href":"https:\/\/www.anamt.org.br\/portal\/wp-json\/wp\/v2\/posts\/35021\/revisions"}],"wp:featuredmedia":[{"embeddable":true,"href":"https:\/\/www.anamt.org.br\/portal\/wp-json\/wp\/v2\/media\/34720"}],"wp:attachment":[{"href":"https:\/\/www.anamt.org.br\/portal\/wp-json\/wp\/v2\/media?parent=35021"}],"wp:term":[{"taxonomy":"category","embeddable":true,"href":"https:\/\/www.anamt.org.br\/portal\/wp-json\/wp\/v2\/categories?post=35021"},{"taxonomy":"post_tag","embeddable":true,"href":"https:\/\/www.anamt.org.br\/portal\/wp-json\/wp\/v2\/tags?post=35021"}],"curies":[{"name":"wp","href":"https:\/\/api.w.org\/{rel}","templated":true}]}}