{"id":35001,"date":"2018-09-28T14:17:44","date_gmt":"2018-09-28T17:17:44","guid":{"rendered":"https:\/\/www.anamt.org.br\/portal\/?p=35001"},"modified":"2018-09-28T17:36:04","modified_gmt":"2018-09-28T20:36:04","slug":"panoccupmedrio-diferencas-na-legislacao-para-saude-do-trabalhador-nas-americas","status":"publish","type":"post","link":"https:\/\/www.anamt.org.br\/portal\/2018\/09\/28\/panoccupmedrio-diferencas-na-legislacao-para-saude-do-trabalhador-nas-americas\/","title":{"rendered":"PanOccupMedRio: diferen\u00e7as na legisla\u00e7\u00e3o para sa\u00fade do trabalhador nas Am\u00e9ricas"},"content":{"rendered":"<p>Nesta sexta-feira (28\/9), as pol\u00edticas nacionais de sa\u00fade do trabalhador e sa\u00fade ambiental de diferentes pa\u00edses do eixo pan-americano foram tema dos simp\u00f3sios da Confer\u00eancia Pan-Americana de Sa\u00fade do Trabalhador e Ambiental &#8211; Rio 2018.<\/p>\n<p>Daniela Buosi, coordenadora-geral de Vigil\u00e2ncia em Sa\u00fade Ambiental no Minist\u00e9rio da Sa\u00fade, Niels Koehncke, do Canadian Centre for Health and Safety in Agriculture (CCHSA), e Aida Gonz\u00e1lez, que representou a Organiza\u00e7\u00e3o Pan-Americana da Sa\u00fade (OPAS), abordaram como o assunto \u00e9 coordenado no Brasil, Canad\u00e1 e, de forma geral, na Am\u00e9rica Latina, respectivamente.<\/p>\n<p>Daniela Buosi sublinhou o aumento na dificuldade em manter a sa\u00fade do trabalhador diante do cen\u00e1rio pol\u00edtico que o Brasil atravessa. \u201cPassamos por uma Reforma Trabalhista e outras mudan\u00e7as legislativas que trouxeram v\u00e1rios retrocessos, expondo mais o trabalhador. Aliado a isso, houve tamb\u00e9m o congelamento de recursos \u00e0 educa\u00e7\u00e3o e sa\u00fade\u201d, alertou Buosi. \u201cIsso indica que devemos atender uma popula\u00e7\u00e3o ainda mais amea\u00e7ada com menos recursos para cuidado e estudo. \u00c9 um grande desafio que se desenha\u201d.<\/p>\n<p>Daniela tamb\u00e9m ressaltou que falta ao pa\u00eds atender epidemias relacionadas \u00e0 sa\u00fade do trabalhador da mesma forma que doen\u00e7as mais cl\u00e1ssicas s\u00e3o abordadas. Ao faz\u00ea-lo, ela comparou a exalta\u00e7\u00e3o social causada por poucos casos de febre amarela em rela\u00e7\u00e3o ao r\u00e1pido crescimento de casos de c\u00e2ncer relacionados ao ambiente de trabalho.<\/p>\n<p>\u201cH\u00e1 epidemias claras relacionadas \u00e0 sa\u00fade do trabalhador no Brasil que j\u00e1 deveriam ser caso de emerg\u00eancia de sa\u00fade p\u00fablica. O c\u00e2ncer relacionado ao trabalho cresce de forma assustadora no Brasil e conseguimos observar isso claramente\u201d, alertou. \u201cEstamos desenvolvendo no Minist\u00e9rio da Sa\u00fade o Atlas do C\u00e2ncer Relacionado ao Trabalho, em que fizemos um c\u00e1lculo que relaciona a carga de correla\u00e7\u00e3o entre o trabalho e a doen\u00e7a\u201d.<\/p>\n<p>J\u00e1 Aida Gonz\u00e1lez detalhou o trabalho da OPAS no acompanhamento, sugest\u00e3o e revis\u00e3o de pol\u00edticas de sa\u00fade em pa\u00edses do eixo pan-americano. De acordo com a representante da organiza\u00e7\u00e3o, os minist\u00e9rios da sa\u00fade de cada pa\u00eds t\u00eam um papel importante no avan\u00e7o dessas pol\u00edticas e no relacionamento com os governos federais.<\/p>\n<p>\u201cEm linhas gerais, quase todos os pa\u00edses t\u00eam leis espec\u00edficas para a sa\u00fade do trabalhador, mas a maior parte deles ainda precisa de atualiza\u00e7\u00e3o desta legisla\u00e7\u00e3o\u201d, disse Ainda Gonz\u00e1lez. \u201cQuando falamos das Am\u00e9ricas, estamos tratando de 661 milh\u00f5es de trabalhadores em condi\u00e7\u00f5es radicalmente diferentes. Podemos acompanhar o desenvolvimento das pol\u00edticas p\u00fablicas em cada pa\u00eds, atestar sua efic\u00e1cia e replicar os bons exemplos em outras regi\u00f5es\u201d.<\/p>\n<h3>Descentraliza\u00e7\u00e3o e aten\u00e7\u00e3o espec\u00edfica<\/h3>\n<p>Ao comentar a forma como o Canad\u00e1 atua pela sa\u00fade do trabalhador, Niels Koehncke destacou que a descentraliza\u00e7\u00e3o legislativa permitiu ao pa\u00eds encontrar solu\u00e7\u00f5es espec\u00edficas em cada regi\u00e3o. Nos \u00faltimos dez anos, o \u00edndice de mortes e afastamento por acidente de trabalho tem ca\u00eddo consideravelmente.<\/p>\n<p>\u201cO Canad\u00e1 \u00e9 dividido em territ\u00f3rios e cada territ\u00f3rio tem o seu pr\u00f3prio minist\u00e9rio da sa\u00fade. H\u00e1 leis federais que dizem respeito a um percentual pequeno de trabalhadores que atuam em v\u00e1rios territ\u00f3rios, mas 94% respondem \u00e0s leis espec\u00edficas de suas regi\u00f5es\u201d, destacou. \u201cHoje nosso principal desafio \u00e9 aumentar a fiscaliza\u00e7\u00e3o dos locais de trabalho, sobretudo de segmentos com maior risco, como a constru\u00e7\u00e3o civil. Mas conseguimos grandes redu\u00e7\u00f5es nos \u00faltimos anos\u201d.<\/p>\n","protected":false},"excerpt":{"rendered":"<p>Nesta sexta-feira (28\/9), as pol\u00edticas nacionais de sa\u00fade do trabalhador e sa\u00fade ambiental de diferentes pa\u00edses do eixo pan-americano foram tema dos simp\u00f3sios da Confer\u00eancia Pan-Americana de Sa\u00fade do Trabalhador e Ambiental &#8211; Rio 2018. Daniela Buosi, coordenadora-geral de Vigil\u00e2ncia em Sa\u00fade Ambiental no Minist\u00e9rio da Sa\u00fade, Niels Koehncke, do Canadian Centre for Health and [&hellip;]<\/p>\n","protected":false},"author":1,"featured_media":34720,"comment_status":"closed","ping_status":"closed","sticky":false,"template":"","format":"standard","meta":{"footnotes":""},"categories":[78],"tags":[],"_links":{"self":[{"href":"https:\/\/www.anamt.org.br\/portal\/wp-json\/wp\/v2\/posts\/35001"}],"collection":[{"href":"https:\/\/www.anamt.org.br\/portal\/wp-json\/wp\/v2\/posts"}],"about":[{"href":"https:\/\/www.anamt.org.br\/portal\/wp-json\/wp\/v2\/types\/post"}],"author":[{"embeddable":true,"href":"https:\/\/www.anamt.org.br\/portal\/wp-json\/wp\/v2\/users\/1"}],"replies":[{"embeddable":true,"href":"https:\/\/www.anamt.org.br\/portal\/wp-json\/wp\/v2\/comments?post=35001"}],"version-history":[{"count":0,"href":"https:\/\/www.anamt.org.br\/portal\/wp-json\/wp\/v2\/posts\/35001\/revisions"}],"wp:featuredmedia":[{"embeddable":true,"href":"https:\/\/www.anamt.org.br\/portal\/wp-json\/wp\/v2\/media\/34720"}],"wp:attachment":[{"href":"https:\/\/www.anamt.org.br\/portal\/wp-json\/wp\/v2\/media?parent=35001"}],"wp:term":[{"taxonomy":"category","embeddable":true,"href":"https:\/\/www.anamt.org.br\/portal\/wp-json\/wp\/v2\/categories?post=35001"},{"taxonomy":"post_tag","embeddable":true,"href":"https:\/\/www.anamt.org.br\/portal\/wp-json\/wp\/v2\/tags?post=35001"}],"curies":[{"name":"wp","href":"https:\/\/api.w.org\/{rel}","templated":true}]}}