{"id":34986,"date":"2018-09-28T10:47:22","date_gmt":"2018-09-28T13:47:22","guid":{"rendered":"https:\/\/www.anamt.org.br\/portal\/?p=34986"},"modified":"2018-09-28T17:00:16","modified_gmt":"2018-09-28T20:00:16","slug":"abertura-da-conferencia-pan-americana-ressalta-integracao-das-organizacoes-de-sst-das-americas","status":"publish","type":"post","link":"https:\/\/www.anamt.org.br\/portal\/2018\/09\/28\/abertura-da-conferencia-pan-americana-ressalta-integracao-das-organizacoes-de-sst-das-americas\/","title":{"rendered":"Abertura da Confer\u00eancia Pan-americana ressalta integra\u00e7\u00e3o das organiza\u00e7\u00f5es de SST"},"content":{"rendered":"<p>Ap\u00f3s um dia de cursos pr\u00e9-congresso, a Confer\u00eancia Pan Americana de Sa\u00fade do Trabalhador e Ambiental Rio 2018 realizou a sua cerim\u00f4nia de abertura. O evento foi iniciado com uma apresenta\u00e7\u00e3o do grupo Teatro Novo, instituto que realiza apresenta\u00e7\u00f5es teatrais feitas por atores com defici\u00eancia intelectual. A pe\u00e7a &#8220;Estilo de vida saud\u00e1vel na empresa&#8221; tratou dos riscos do uso inadequado de medicamentos e promo\u00e7\u00e3o da qualidade de vida no ambiente de trabalho. O grupo tamb\u00e9m participou do cerimonial do evento.<\/p>\n<p>Em seguida, o presidente da ANAMT, Dr. Paulo Rebelo, se juntou Aida Gonz\u00e1lez, representante da Organiza\u00e7\u00e3o Pan-Americana de Sa\u00fade, Igor Bello, da ICOH, Luis Garcia, da ALSO, Richard Heron, da IOMSC, William Busch, da ACOEM, Nadja Ferreira, da Associa\u00e7\u00e3o Brasileira de Medicina do Trabalho (ABMT) e Daniela Buosi, do Minist\u00e9rio da Sa\u00fade. Ele explicou o processo de constru\u00e7\u00e3o do evento, iniciado em 2017, nos Estados Unidos, e da import\u00e2ncia da integra\u00e7\u00e3o das entidades de sa\u00fade e seguran\u00e7a do trabalho do continente. Dr. Paulo tamb\u00e9m mencionou os principais desafios da gest\u00e3o da sa\u00fade nas am\u00e9ricas, como doen\u00e7as cr\u00f4nicas end\u00eamicas e as mudan\u00e7as no mercado de trabalho trazidas pelo avan\u00e7o tecnol\u00f3gico, como precariza\u00e7\u00e3o das rela\u00e7\u00f5es de trabalho.<\/p>\n<p>&#8220;\u00c9 um momento hist\u00f3rico porque o Brasil est\u00e1 fazendo algo que n\u00e3o ocorre h\u00e1 muito tempo: reunir todas as am\u00e9ricas para falar de sa\u00fade&#8221;, ressaltou Igor Bello, representante da ICOH. Entre os objetivos mencionados no evento, est\u00e3o ampliar a proximidade das associa\u00e7\u00f5es, compartilhar boas pr\u00e1ticas e divulgar diretrizes e programas de capacita\u00e7\u00e3o.<\/p>\n<p>O evento foi encerrado com uma apresenta\u00e7\u00e3o da Escola de Samba Acad\u00eamicos do Grande Rio e a abertura dos estandes da Confer\u00eancia.<\/p>\n<p><img decoding=\"async\" class=\"size-full wp-image-34987 aligncenter\" src=\"https:\/\/www.anamt.org.br\/portal\/wp-content\/uploads\/2018\/09\/DoI97PSW0AESuLc.jpg\" alt=\"\" width=\"650\" height=\"440\" srcset=\"https:\/\/www.anamt.org.br\/portal\/wp-content\/uploads\/2018\/09\/DoI97PSW0AESuLc-200x135.jpg 200w, https:\/\/www.anamt.org.br\/portal\/wp-content\/uploads\/2018\/09\/DoI97PSW0AESuLc-300x203.jpg 300w, https:\/\/www.anamt.org.br\/portal\/wp-content\/uploads\/2018\/09\/DoI97PSW0AESuLc-400x271.jpg 400w, https:\/\/www.anamt.org.br\/portal\/wp-content\/uploads\/2018\/09\/DoI97PSW0AESuLc-600x406.jpg 600w, https:\/\/www.anamt.org.br\/portal\/wp-content\/uploads\/2018\/09\/DoI97PSW0AESuLc.jpg 650w\" sizes=\"(max-width: 650px) 100vw, 650px\" \/><\/p>\n<h3>Leia mais:<\/h3>\n<ul>\n<li class=\"blog-shortcode-post-title entry-title\"><a href=\"https:\/\/www.anamt.org.br\/portal\/2018\/09\/26\/competencias-essenciais-requeridas-para-o-exercicio-da-medicina-do-trabalho-atualizacao-2018\/\">Guia de compet\u00eancias para o exerc\u00edcio da Medicina do Trabalho ganha atualiza\u00e7\u00e3o<\/a><\/li>\n<li class=\"blog-shortcode-post-title entry-title\"><a href=\"https:\/\/www.anamt.org.br\/portal\/2018\/09\/26\/conferencia-pan-americana-de-saude-do-trabalhador-e-ambiental-forum-prepara-propostas-de-politicas-publicas-para-saude-do-trabalhador-no-continente\/\">F\u00f3rum prepara propostas de pol\u00edticas p\u00fablicas para sa\u00fade do trabalhador no continente<\/a><\/li>\n<li class=\"blog-shortcode-post-title entry-title\"><a href=\"https:\/\/www.anamt.org.br\/portal\/2018\/09\/27\/conferencia-pan-americana-cursos-abordam-desafios-da-atencao-medica\/\">Confer\u00eancia Pan-americana: cursos abordam desafios da aten\u00e7\u00e3o m\u00e9dica<\/a><\/li>\n<li class=\"blog-shortcode-post-title entry-title\"><a href=\"https:\/\/www.anamt.org.br\/portal\/2018\/09\/28\/conferencia-pan-americana-novas-tecnologias-e-saude-publica-na-atencao-ao-trabalhador\/\">Confer\u00eancia Pan-Americana: tecnologias e sa\u00fade p\u00fablica na aten\u00e7\u00e3o ao trabalhador<\/a><\/li>\n<li class=\"blog-shortcode-post-title entry-title\"><a href=\"https:\/\/www.anamt.org.br\/portal\/2018\/09\/28\/panoccupmedrio-diferencas-na-legislacao-para-saude-do-trabalhador-nas-americas\/\">PanOccupMedRio: diferen\u00e7as na legisla\u00e7\u00e3o para sa\u00fade do trabalhador nas Am\u00e9ricas<\/a><\/li>\n<\/ul>\n","protected":false},"excerpt":{"rendered":"<p>Ap\u00f3s um dia de cursos pr\u00e9-congresso, a Confer\u00eancia Pan Americana de Sa\u00fade do Trabalhador e Ambiental Rio 2018 realizou a sua cerim\u00f4nia de abertura. O evento foi iniciado com uma apresenta\u00e7\u00e3o do grupo Teatro Novo, instituto que realiza apresenta\u00e7\u00f5es teatrais feitas por atores com defici\u00eancia intelectual. A pe\u00e7a &#8220;Estilo de vida saud\u00e1vel na empresa&#8221; tratou [&hellip;]<\/p>\n","protected":false},"author":1,"featured_media":35002,"comment_status":"closed","ping_status":"closed","sticky":false,"template":"","format":"standard","meta":{"footnotes":""},"categories":[78],"tags":[],"_links":{"self":[{"href":"https:\/\/www.anamt.org.br\/portal\/wp-json\/wp\/v2\/posts\/34986"}],"collection":[{"href":"https:\/\/www.anamt.org.br\/portal\/wp-json\/wp\/v2\/posts"}],"about":[{"href":"https:\/\/www.anamt.org.br\/portal\/wp-json\/wp\/v2\/types\/post"}],"author":[{"embeddable":true,"href":"https:\/\/www.anamt.org.br\/portal\/wp-json\/wp\/v2\/users\/1"}],"replies":[{"embeddable":true,"href":"https:\/\/www.anamt.org.br\/portal\/wp-json\/wp\/v2\/comments?post=34986"}],"version-history":[{"count":0,"href":"https:\/\/www.anamt.org.br\/portal\/wp-json\/wp\/v2\/posts\/34986\/revisions"}],"wp:featuredmedia":[{"embeddable":true,"href":"https:\/\/www.anamt.org.br\/portal\/wp-json\/wp\/v2\/media\/35002"}],"wp:attachment":[{"href":"https:\/\/www.anamt.org.br\/portal\/wp-json\/wp\/v2\/media?parent=34986"}],"wp:term":[{"taxonomy":"category","embeddable":true,"href":"https:\/\/www.anamt.org.br\/portal\/wp-json\/wp\/v2\/categories?post=34986"},{"taxonomy":"post_tag","embeddable":true,"href":"https:\/\/www.anamt.org.br\/portal\/wp-json\/wp\/v2\/tags?post=34986"}],"curies":[{"name":"wp","href":"https:\/\/api.w.org\/{rel}","templated":true}]}}