{"id":34982,"date":"2018-09-27T20:49:07","date_gmt":"2018-09-27T23:49:07","guid":{"rendered":"https:\/\/www.anamt.org.br\/portal\/?p=34982"},"modified":"2018-09-28T09:17:15","modified_gmt":"2018-09-28T12:17:15","slug":"conferencia-pan-americana-cursos-abordam-desafios-da-atencao-medica","status":"publish","type":"post","link":"https:\/\/www.anamt.org.br\/portal\/2018\/09\/27\/conferencia-pan-americana-cursos-abordam-desafios-da-atencao-medica\/","title":{"rendered":"Confer\u00eancia Pan-americana: cursos abordam desafios da aten\u00e7\u00e3o m\u00e9dica"},"content":{"rendered":"<p>O primeiro dia da Confer\u00eancia Pan-Americana de Sa\u00fade do Trabalhador e Ambiental Rio 2018 foi de atualiza\u00e7\u00e3o para os profissionais de sa\u00fade e seguran\u00e7a do trabalho com cursos pr\u00e9-congresso e a reuni\u00e3o da International Occupational Medicine Society Collaborative (IOMSC). Assuntos mais recentes da especialidade no Brasil, como o trabalho remoto, e temas como promo\u00e7\u00e3o da sa\u00fade no ambiente de trabalho e sa\u00fade ambiental no continente americano, foram abordados.<\/p>\n<p>Os cursos reuniram temas como Sa\u00fade Ambiental: sua aplica\u00e7\u00e3o na responsabilidade social nas empresas, Promo\u00e7\u00e3o da Sa\u00fade no Ambiente do Trabalho e Trabalho em Local Remoto, coordenados por Dr. Eduardo Barbosa, da Associa\u00e7\u00e3o Brasileira de Medicina do Trabalho (ABMT), Dr. Alberto Ogata, da International Association of Worksite Health Promotion (IWAHP) e Dr. Cristiano Lima (ANAMT), que coordenou os palestrantes Drs. Gloria Novaes, Augusto Pinto e M\u00f4nica Werneck.<\/p>\n<p>\u00c0 tarde, as atividades discorreram sobre Sa\u00fade baseada em evid\u00eancia aplicada \u00e0 Sa\u00fade do Trabalhador e Ambiental, palestra de Dr. Guilherme Murta, da Associa\u00e7\u00e3o Paranaense de Medicina do Trabalho (APAMT), que abordou o contexto da sa\u00fade suplementar nas empresas, dos planos de sa\u00fade corporativos e o papel do m\u00e9dico do trabalho na gest\u00e3o adequada da sa\u00fade dos trabalhadores e o uso sustent\u00e1vel desses recursos diante do crescimento dos custos e envelhecimento da popula\u00e7\u00e3o.<\/p>\n<p>Pr\u00e1ticas preventivas, como acompanhamento por m\u00e9dicos generalistas ou da fam\u00edlia, al\u00e9m dos m\u00e9dicos do trabalho, s\u00e3o algumas das medidas a serem adotadas.<\/p>\n<p>Dr. Luiz Maur\u00edcio Plotkowski, da CBMCD, abordou o Plano de Resposta Emerg\u00eancia em acidentes ampliados em seu curso. As etapas do atendimento em acidentes, o papel do m\u00e9dico diante dessas circunst\u00e2ncias e a atua\u00e7\u00e3o com os demais profissionais de resgate foram enumerados, assim como os contextos mais comuns, os quadros dos acidentados, triagem das v\u00edtimas de acordo com o local do acidente, crit\u00e9rios de prioridade, organiza\u00e7\u00e3o do socorro e resgate das v\u00edtimas tamb\u00e9m foram lembrados.<\/p>\n<p>Preven\u00e7\u00e3o dos dist\u00farbios musculoesqul\u00e9ticos em trabalhadores da Sa\u00fade foi o assunto do sexto curso do dia, ministrado pelo Dr. Acran Navarro, da New York Occupational and Environmental Medical Association (NYOEMA). Segundo ele, anualmente, mais de 1 milh\u00e3o de pessoas morrem em decorr\u00eancia de acidentes de trabalho em todo o mundo, al\u00e9m de ocorrerem 250 milh\u00f5es de acidentes do trabalho e 160 milh\u00f5es de pessoas terem doen\u00e7as do trabalho. Para diminuir esse quadro no aspecto ergon\u00f4mico, Navarro destacou a import\u00e2ncia da \u00e1rea para a preven\u00e7\u00e3o das ocorr\u00eancias entre profissionais de sa\u00fade, cujas doen\u00e7as mais comuns s\u00e3o relacionadas a movimentos repetitivos, problemas cervicais, e fatores de risco de cada atividade.<\/p>\n<p>As abordagens macro, que abrange a empresa e o sistema de trabalho, e micro, voltada para o indiv\u00edduo e as tarefas executadas, segundo o palestrante, contribuem para a diminui\u00e7\u00e3o dos casos. Para que isso ocorra de forma adequada, uma das ferramentas \u00e9 a implementa\u00e7\u00e3o de programas de precau\u00e7\u00e3o nas empresas.<\/p>\n<p>Nesse contexto, o m\u00e9dico do trabalho \u00e9 de vital import\u00e2ncia para a cria\u00e7\u00e3o de um sistema de preven\u00e7\u00e3o que, al\u00e9m de preservar a sa\u00fade dos trabalhadores, contribui para o rendimento dos mesmos, j\u00e1 que poder\u00e1 observar as individualidades de cada um e das atividades.<\/p>\n<p><img decoding=\"async\" class=\"aligncenter wp-image-34983 size-full\" src=\"https:\/\/www.anamt.org.br\/portal\/wp-content\/uploads\/2018\/09\/congresso_pan_anamt_640.jpeg\" alt=\"\" width=\"640\" height=\"360\" srcset=\"https:\/\/www.anamt.org.br\/portal\/wp-content\/uploads\/2018\/09\/congresso_pan_anamt_640-200x113.jpeg 200w, https:\/\/www.anamt.org.br\/portal\/wp-content\/uploads\/2018\/09\/congresso_pan_anamt_640-300x169.jpeg 300w, https:\/\/www.anamt.org.br\/portal\/wp-content\/uploads\/2018\/09\/congresso_pan_anamt_640-400x225.jpeg 400w, https:\/\/www.anamt.org.br\/portal\/wp-content\/uploads\/2018\/09\/congresso_pan_anamt_640-600x338.jpeg 600w, https:\/\/www.anamt.org.br\/portal\/wp-content\/uploads\/2018\/09\/congresso_pan_anamt_640.jpeg 640w\" sizes=\"(max-width: 640px) 100vw, 640px\" \/><\/p>\n<h3>Leia tamb\u00e9m:<\/h3>\n<ul>\n<li><a href=\"https:\/\/www.anamt.org.br\/portal\/2018\/09\/26\/conferencia-pan-americana-de-saude-do-trabalhador-e-ambiental-forum-prepara-propostas-de-politicas-publicas-para-saude-do-trabalhador-no-continente\/\">F\u00f3rum prepara propostas de pol\u00edticas p\u00fablicas para sa\u00fade do trabalhador no continente<\/a><\/li>\n<li><a href=\"https:\/\/www.anamt.org.br\/portal\/2018\/09\/26\/competencias-essenciais-requeridas-para-o-exercicio-da-medicina-do-trabalho-atualizacao-2018\/\">Guia de compet\u00eancias para o exerc\u00edcio da Medicina do Trabalho ganha atualiza\u00e7\u00e3o<\/a><\/li>\n<\/ul>\n","protected":false},"excerpt":{"rendered":"<p>O primeiro dia da Confer\u00eancia Pan-Americana de Sa\u00fade do Trabalhador e Ambiental Rio 2018 foi de atualiza\u00e7\u00e3o para os profissionais de sa\u00fade e seguran\u00e7a do trabalho com cursos pr\u00e9-congresso e a reuni\u00e3o da International Occupational Medicine Society Collaborative (IOMSC). Assuntos mais recentes da especialidade no Brasil, como o trabalho remoto, e temas como promo\u00e7\u00e3o da [&hellip;]<\/p>\n","protected":false},"author":1,"featured_media":34984,"comment_status":"closed","ping_status":"closed","sticky":false,"template":"","format":"standard","meta":{"footnotes":""},"categories":[78],"tags":[],"_links":{"self":[{"href":"https:\/\/www.anamt.org.br\/portal\/wp-json\/wp\/v2\/posts\/34982"}],"collection":[{"href":"https:\/\/www.anamt.org.br\/portal\/wp-json\/wp\/v2\/posts"}],"about":[{"href":"https:\/\/www.anamt.org.br\/portal\/wp-json\/wp\/v2\/types\/post"}],"author":[{"embeddable":true,"href":"https:\/\/www.anamt.org.br\/portal\/wp-json\/wp\/v2\/users\/1"}],"replies":[{"embeddable":true,"href":"https:\/\/www.anamt.org.br\/portal\/wp-json\/wp\/v2\/comments?post=34982"}],"version-history":[{"count":0,"href":"https:\/\/www.anamt.org.br\/portal\/wp-json\/wp\/v2\/posts\/34982\/revisions"}],"wp:featuredmedia":[{"embeddable":true,"href":"https:\/\/www.anamt.org.br\/portal\/wp-json\/wp\/v2\/media\/34984"}],"wp:attachment":[{"href":"https:\/\/www.anamt.org.br\/portal\/wp-json\/wp\/v2\/media?parent=34982"}],"wp:term":[{"taxonomy":"category","embeddable":true,"href":"https:\/\/www.anamt.org.br\/portal\/wp-json\/wp\/v2\/categories?post=34982"},{"taxonomy":"post_tag","embeddable":true,"href":"https:\/\/www.anamt.org.br\/portal\/wp-json\/wp\/v2\/tags?post=34982"}],"curies":[{"name":"wp","href":"https:\/\/api.w.org\/{rel}","templated":true}]}}