{"id":34973,"date":"2018-09-26T18:50:18","date_gmt":"2018-09-26T21:50:18","guid":{"rendered":"https:\/\/www.anamt.org.br\/portal\/?p=34973"},"modified":"2018-09-28T14:19:02","modified_gmt":"2018-09-28T17:19:02","slug":"conferencia-pan-americana-de-saude-do-trabalhador-e-ambiental-forum-prepara-propostas-de-politicas-publicas-para-saude-do-trabalhador-no-continente","status":"publish","type":"post","link":"https:\/\/www.anamt.org.br\/portal\/2018\/09\/26\/conferencia-pan-americana-de-saude-do-trabalhador-e-ambiental-forum-prepara-propostas-de-politicas-publicas-para-saude-do-trabalhador-no-continente\/","title":{"rendered":"F\u00f3rum prepara propostas de pol\u00edticas p\u00fablicas para sa\u00fade do trabalhador no continente"},"content":{"rendered":"<p>Representantes de entidades de Medicina do Trabalho de pa\u00edses da Am\u00e9rica Latina, Estados Unidos e Canad\u00e1 se reuniram no Rio de Janeiro nesta quarta-feira (26\/09) para o F\u00f3rum Pol\u00edticas P\u00fablicas para Sa\u00fade do Trabalhador e Ambiental. O debate, que antecede a Confer\u00eancia Pan-Americana, busca solu\u00e7\u00f5es e avan\u00e7os para a sa\u00fade do trabalhador em todo o continente a partir do debate e compartilhamento de experi\u00eancias com pol\u00edticas p\u00fablicas voltadas a este p\u00fablico.<\/p>\n<p>O evento preparou as linhas gerais de um documento \u2013 o Manifesto do Rio de Janeiro \u2013 que ser\u00e1 encaminhado ao Minist\u00e9rio da Sa\u00fade de todos os pa\u00edses participantes. A ANAMT tamb\u00e9m se comprometeu a encaminhar as propostas ao vencedor das elei\u00e7\u00f5es presidenciais deste ano.<\/p>\n<p>O evento foi realizado em parceria entre a ANAMT, Organiza\u00e7\u00e3o Pan-Americana da Sa\u00fade (bra\u00e7o local da Organiza\u00e7\u00e3o Mundial da Sa\u00fade), International Commission on Occupational Health (ICOH) e Asociaci\u00f3n Latinoamericana de Salud Ocupacional (ALSO). Participaram do debate representantes de sociedades e associa\u00e7\u00f5es cient\u00edficas de M\u00e9xico, Guatemala, Honduras, El Salvador, Costa Rica, Panam\u00e1, Col\u00f4mbia, Venezuela, Peru, Brasil, Argentina, Chile, Equador, Uruguai, Estados Unidos e Canad\u00e1. Tamb\u00e9m estiveram presentes representantes do Minist\u00e9rio da Sa\u00fade, IOMSC, ABRESCO, ABRASTT e Universidade Federal do Rio de Janeiro.<\/p>\n<p>\u201cApesar de todas as diferen\u00e7as nacionais, os pa\u00edses latino-americanos compartilham muitos desafios semelhantes, como a degrada\u00e7\u00e3o nas rela\u00e7\u00f5es de trabalho, limita\u00e7\u00f5es de investimento e o problema da seguran\u00e7a p\u00fablica, que tamb\u00e9m tem um impacto na sa\u00fade do trabalhador. Tamb\u00e9m compartilhamos experi\u00eancias relacionadas a novas tend\u00eancias para o trabalho no mundo e como a legisla\u00e7\u00e3o de cada pa\u00eds tem funcionado para eles, como o teletrabalho\u201d, afirma o presidente da ANAMT, Dr. Paulo Rebelo. \u201cEsperamos que o documento preparado aqui ajude a pautar pol\u00edticas p\u00fablicas para o trabalhador em todo o continente\u201d.<\/p>\n<p><img decoding=\"async\" class=\"alignnone size-full wp-image-34978\" src=\"https:\/\/www.anamt.org.br\/portal\/wp-content\/uploads\/2018\/09\/WhatsApp-Image-2018-09-26-at-18.10.40.jpeg\" alt=\"\" width=\"1277\" height=\"697\" srcset=\"https:\/\/www.anamt.org.br\/portal\/wp-content\/uploads\/2018\/09\/WhatsApp-Image-2018-09-26-at-18.10.40-200x109.jpeg 200w, https:\/\/www.anamt.org.br\/portal\/wp-content\/uploads\/2018\/09\/WhatsApp-Image-2018-09-26-at-18.10.40-300x164.jpeg 300w, https:\/\/www.anamt.org.br\/portal\/wp-content\/uploads\/2018\/09\/WhatsApp-Image-2018-09-26-at-18.10.40-400x218.jpeg 400w, https:\/\/www.anamt.org.br\/portal\/wp-content\/uploads\/2018\/09\/WhatsApp-Image-2018-09-26-at-18.10.40-600x327.jpeg 600w, https:\/\/www.anamt.org.br\/portal\/wp-content\/uploads\/2018\/09\/WhatsApp-Image-2018-09-26-at-18.10.40-768x419.jpeg 768w, https:\/\/www.anamt.org.br\/portal\/wp-content\/uploads\/2018\/09\/WhatsApp-Image-2018-09-26-at-18.10.40-800x437.jpeg 800w, https:\/\/www.anamt.org.br\/portal\/wp-content\/uploads\/2018\/09\/WhatsApp-Image-2018-09-26-at-18.10.40-1024x559.jpeg 1024w, https:\/\/www.anamt.org.br\/portal\/wp-content\/uploads\/2018\/09\/WhatsApp-Image-2018-09-26-at-18.10.40-1200x655.jpeg 1200w, https:\/\/www.anamt.org.br\/portal\/wp-content\/uploads\/2018\/09\/WhatsApp-Image-2018-09-26-at-18.10.40.jpeg 1277w\" sizes=\"(max-width: 1277px) 100vw, 1277px\" \/><\/p>\n<p style=\"text-align: center;\"><em>Participantes do\u00a0 F\u00f3rum Pol\u00edticas P\u00fablicas para Sa\u00fade do Trabalhador e Ambiental<\/em><\/p>\n","protected":false},"excerpt":{"rendered":"<p>Representantes de entidades de Medicina do Trabalho de pa\u00edses da Am\u00e9rica Latina, Estados Unidos e Canad\u00e1 se reuniram no Rio de Janeiro nesta quarta-feira (26\/09) para o F\u00f3rum Pol\u00edticas P\u00fablicas para Sa\u00fade do Trabalhador e Ambiental. O debate, que antecede a Confer\u00eancia Pan-Americana, busca solu\u00e7\u00f5es e avan\u00e7os para a sa\u00fade do trabalhador em todo o [&hellip;]<\/p>\n","protected":false},"author":1,"featured_media":35004,"comment_status":"closed","ping_status":"closed","sticky":false,"template":"","format":"standard","meta":{"footnotes":""},"categories":[78],"tags":[],"_links":{"self":[{"href":"https:\/\/www.anamt.org.br\/portal\/wp-json\/wp\/v2\/posts\/34973"}],"collection":[{"href":"https:\/\/www.anamt.org.br\/portal\/wp-json\/wp\/v2\/posts"}],"about":[{"href":"https:\/\/www.anamt.org.br\/portal\/wp-json\/wp\/v2\/types\/post"}],"author":[{"embeddable":true,"href":"https:\/\/www.anamt.org.br\/portal\/wp-json\/wp\/v2\/users\/1"}],"replies":[{"embeddable":true,"href":"https:\/\/www.anamt.org.br\/portal\/wp-json\/wp\/v2\/comments?post=34973"}],"version-history":[{"count":0,"href":"https:\/\/www.anamt.org.br\/portal\/wp-json\/wp\/v2\/posts\/34973\/revisions"}],"wp:featuredmedia":[{"embeddable":true,"href":"https:\/\/www.anamt.org.br\/portal\/wp-json\/wp\/v2\/media\/35004"}],"wp:attachment":[{"href":"https:\/\/www.anamt.org.br\/portal\/wp-json\/wp\/v2\/media?parent=34973"}],"wp:term":[{"taxonomy":"category","embeddable":true,"href":"https:\/\/www.anamt.org.br\/portal\/wp-json\/wp\/v2\/categories?post=34973"},{"taxonomy":"post_tag","embeddable":true,"href":"https:\/\/www.anamt.org.br\/portal\/wp-json\/wp\/v2\/tags?post=34973"}],"curies":[{"name":"wp","href":"https:\/\/api.w.org\/{rel}","templated":true}]}}