{"id":34963,"date":"2018-10-01T06:01:21","date_gmt":"2018-10-01T09:01:21","guid":{"rendered":"https:\/\/www.anamt.org.br\/portal\/?p=34963"},"modified":"2018-09-25T11:21:18","modified_gmt":"2018-09-25T14:21:18","slug":"oficializacao-da-campanha-outubro-rosa-e-aprovada-na-cas","status":"publish","type":"post","link":"https:\/\/www.anamt.org.br\/portal\/2018\/10\/01\/oficializacao-da-campanha-outubro-rosa-e-aprovada-na-cas\/","title":{"rendered":"Oficializa\u00e7\u00e3o da campanha Outubro Rosa \u00e9 aprovada na CAS"},"content":{"rendered":"<p>Seguiu para an\u00e1lise do Plen\u00e1rio do Senado o projeto que destina oficialmente o m\u00eas de outubro \u00e0 conscientiza\u00e7\u00e3o sobre o c\u00e2ncer de mama no pa\u00eds, integrando o Brasil ao movimento internacional conhecido por Outubro Rosa. O texto (<a class=\"external-link\" href=\"http:\/\/www25.senado.leg.br\/web\/atividade\/materias\/-\/materia\/133172\">PLC\u00a032\/2018<\/a>), que foi aprovado sem ressalvas pela Comiss\u00e3o de Assuntos Sociais (CAS) nesta quarta-feira (5), estabelece a\u00e7\u00f5es de divulga\u00e7\u00e3o sobre a doen\u00e7a.<\/p>\n<p>De autoria dos deputados Carmen Zanotto (PPS-SC) e Dr. Jorge Silva (SD\/ES), a proposta prev\u00ea que em todos os meses de outubro devem ser realizadas atividades para alertar a popula\u00e7\u00e3o sobre a doen\u00e7a, como a ilumina\u00e7\u00e3o dos pr\u00e9dios p\u00fablicos com luzes cor de rosa; realiza\u00e7\u00e3o de palestras, eventos e atividades educativas; e a veicula\u00e7\u00e3o de campanhas de m\u00eddia e informa\u00e7\u00e3o por meio de banners, folders e outros materiais ilustrativos sobre a preven\u00e7\u00e3o, o diagn\u00f3stico e o tratamento do c\u00e2ncer de mama.<\/p>\n<p>A autora da mat\u00e9ria ressalta que o c\u00e2ncer de mama \u00e9 a maior causa de morte por c\u00e2ncer entre as mulheres. Estima-se que sejam 520 mil mortes por ano em todo o mundo. A relatora na CAS, senadora Marta Suplicy (MDB-SP), acrescentou que \u00e9 o segundo tipo de neoplasia maligna mais comum em mulheres no Brasil e a que mais mata.<\/p>\n<p>Segundo dados do Instituto Nacional de C\u00e2ncer (INCA) apresentados por Marta, em 2018 cerca de 60 mil novos casos da doen\u00e7a dever\u00e3o ser diagnosticados. Em 2016, de acordo com o Departamento de Inform\u00e1tica do Sistema \u00danico de Sa\u00fade (DataSUS), mais de 16 mil mulheres morreram por causa da doen\u00e7a.<\/p>\n<p>\u2014Evidencia-se, nesse contexto, a import\u00e2ncia da campanha Outubro Rosa, que visa a advertir a popula\u00e7\u00e3o sobre o c\u00e2ncer de mama e sobre as medidas de preven\u00e7\u00e3o, diagn\u00f3stico e tratamento da doen\u00e7a \u2014 opinou Marta.<\/p>\n<p><em>(Fonte: Ag\u00eancia Senado)<\/em><\/p>\n","protected":false},"excerpt":{"rendered":"<p>Seguiu para an\u00e1lise do Plen\u00e1rio do Senado o projeto que destina oficialmente o m\u00eas de outubro \u00e0 conscientiza\u00e7\u00e3o sobre o c\u00e2ncer de mama no pa\u00eds, integrando o Brasil ao movimento internacional conhecido por Outubro Rosa. O texto (PLC\u00a032\/2018), que foi aprovado sem ressalvas pela Comiss\u00e3o de Assuntos Sociais (CAS) nesta quarta-feira (5), estabelece a\u00e7\u00f5es de [&hellip;]<\/p>\n","protected":false},"author":1,"featured_media":34964,"comment_status":"closed","ping_status":"closed","sticky":false,"template":"","format":"standard","meta":{"footnotes":""},"categories":[79],"tags":[],"_links":{"self":[{"href":"https:\/\/www.anamt.org.br\/portal\/wp-json\/wp\/v2\/posts\/34963"}],"collection":[{"href":"https:\/\/www.anamt.org.br\/portal\/wp-json\/wp\/v2\/posts"}],"about":[{"href":"https:\/\/www.anamt.org.br\/portal\/wp-json\/wp\/v2\/types\/post"}],"author":[{"embeddable":true,"href":"https:\/\/www.anamt.org.br\/portal\/wp-json\/wp\/v2\/users\/1"}],"replies":[{"embeddable":true,"href":"https:\/\/www.anamt.org.br\/portal\/wp-json\/wp\/v2\/comments?post=34963"}],"version-history":[{"count":0,"href":"https:\/\/www.anamt.org.br\/portal\/wp-json\/wp\/v2\/posts\/34963\/revisions"}],"wp:featuredmedia":[{"embeddable":true,"href":"https:\/\/www.anamt.org.br\/portal\/wp-json\/wp\/v2\/media\/34964"}],"wp:attachment":[{"href":"https:\/\/www.anamt.org.br\/portal\/wp-json\/wp\/v2\/media?parent=34963"}],"wp:term":[{"taxonomy":"category","embeddable":true,"href":"https:\/\/www.anamt.org.br\/portal\/wp-json\/wp\/v2\/categories?post=34963"},{"taxonomy":"post_tag","embeddable":true,"href":"https:\/\/www.anamt.org.br\/portal\/wp-json\/wp\/v2\/tags?post=34963"}],"curies":[{"name":"wp","href":"https:\/\/api.w.org\/{rel}","templated":true}]}}