{"id":34928,"date":"2018-09-18T11:17:16","date_gmt":"2018-09-18T14:17:16","guid":{"rendered":"https:\/\/www.anamt.org.br\/portal\/?p=34928"},"modified":"2018-09-18T11:35:20","modified_gmt":"2018-09-18T14:35:20","slug":"esocial-prorroga-prazos-para-envio-de-leiautes-de-sst","status":"publish","type":"post","link":"https:\/\/www.anamt.org.br\/portal\/2018\/09\/18\/esocial-prorroga-prazos-para-envio-de-leiautes-de-sst\/","title":{"rendered":"GT Confederativo do eSocial prorroga prazos para envio de leiautes de SST"},"content":{"rendered":"<p>Durante reuni\u00e3o nesta quinta-feira (13), o GT Confederativo do eSocial voltou a discutir datas para o in\u00edcio da obrigatoriedade do envio das informa\u00e7\u00f5es relativas \u00e0 Seguran\u00e7a e Sa\u00fade do Trabalho. Segundo foi decidido, o prazo que estava previsto para janeiro de 2019 para as empresas dos Grupos 1 (empresas com faturamento anual maior de R$ 78 milh\u00f5es) e 2 (empresas com faturamento anual entre R$ 4,8 milh\u00f5es e R$ 78 milh\u00f5es) e julho para os integrantes dos Grupos 3 (demais entidades jur\u00eddicas, como micro, pequenas e MEIs, associa\u00e7\u00f5es),\u00a0 e 4 (\u00f3rg\u00e3os p\u00fablicos e entidades internacionais) deve ser alterado. O novo cronograma prev\u00ea que em janeiro do ano que vem ser\u00e1 disponibilizado o sistema de homologa\u00e7\u00e3o das empresas de software, sendo liberados os ambientes de testes com os leiautes de SST para todas as empresas em mar\u00e7o.<\/p>\n<p>Desse modo, as empresas do Grupo 1 ter\u00e3o que prestar as informa\u00e7\u00f5es de SST de forma obrigat\u00f3ria somente em julho de 2019. Para o Grupo 2 o prazo deve se estender ainda mais, passando para janeiro de 2020 e o Grupo 3 ganha seis meses a mais, ficando para julho do mesmo ano. J\u00e1 o Grupo 4 ganhou o total de dois anos de prazo, ficando a obrigatoriedade de envio dos eventos de SST somente para janeiro de 2021. A previs\u00e3o \u00e9 que esse novo cronograma seja publicado oficialmente no m\u00eas que vem.<\/p>\n<p>Tamb\u00e9m ficou definida na reuni\u00e3o a publica\u00e7\u00e3o de nova NDE (Nota de Documenta\u00e7\u00e3o Evolutiva), <a href=\"https:\/\/portal.esocial.gov.br\/agenda\/2018-09-14-publicada-a-versao-2-0-da-nota-de-documentacao-evolutiva-01-2018\">que foi disponibilizada no Portal do eSocial e altera leiautes de SST<\/a>. Eventos como os riscos por ambientes de trabalho n\u00e3o devem mais constar, apenas os riscos relacionados a cada trabalhador. O evento 1065 (Tabela de Equipamentos de Prote\u00e7\u00e3o), criado na NDE 01, de maio deste ano, ser\u00e1 exclu\u00eddo, e no evento 2245 (Treinamentos e Capacita\u00e7\u00f5es) passa a ser necess\u00e1rio somente a inclus\u00e3o dos treinamentos obrigat\u00f3rios por lei. A previs\u00e3o \u00e9 que esta nota seja divulgada nos pr\u00f3ximos dias.<\/p>\n<p><em>(Fonte: Reda\u00e7\u00e3o Revista Prote\u00e7\u00e3o)<\/em><\/p>\n","protected":false},"excerpt":{"rendered":"<p>Durante reuni\u00e3o nesta quinta-feira (13), o GT Confederativo do eSocial voltou a discutir datas para o in\u00edcio da obrigatoriedade do envio das informa\u00e7\u00f5es relativas \u00e0 Seguran\u00e7a e Sa\u00fade do Trabalho. Segundo foi decidido, o prazo que estava previsto para janeiro de 2019 para as empresas dos Grupos 1 (empresas com faturamento anual maior de R$ [&hellip;]<\/p>\n","protected":false},"author":1,"featured_media":32195,"comment_status":"closed","ping_status":"closed","sticky":false,"template":"","format":"standard","meta":{"footnotes":""},"categories":[79],"tags":[],"_links":{"self":[{"href":"https:\/\/www.anamt.org.br\/portal\/wp-json\/wp\/v2\/posts\/34928"}],"collection":[{"href":"https:\/\/www.anamt.org.br\/portal\/wp-json\/wp\/v2\/posts"}],"about":[{"href":"https:\/\/www.anamt.org.br\/portal\/wp-json\/wp\/v2\/types\/post"}],"author":[{"embeddable":true,"href":"https:\/\/www.anamt.org.br\/portal\/wp-json\/wp\/v2\/users\/1"}],"replies":[{"embeddable":true,"href":"https:\/\/www.anamt.org.br\/portal\/wp-json\/wp\/v2\/comments?post=34928"}],"version-history":[{"count":0,"href":"https:\/\/www.anamt.org.br\/portal\/wp-json\/wp\/v2\/posts\/34928\/revisions"}],"wp:featuredmedia":[{"embeddable":true,"href":"https:\/\/www.anamt.org.br\/portal\/wp-json\/wp\/v2\/media\/32195"}],"wp:attachment":[{"href":"https:\/\/www.anamt.org.br\/portal\/wp-json\/wp\/v2\/media?parent=34928"}],"wp:term":[{"taxonomy":"category","embeddable":true,"href":"https:\/\/www.anamt.org.br\/portal\/wp-json\/wp\/v2\/categories?post=34928"},{"taxonomy":"post_tag","embeddable":true,"href":"https:\/\/www.anamt.org.br\/portal\/wp-json\/wp\/v2\/tags?post=34928"}],"curies":[{"name":"wp","href":"https:\/\/api.w.org\/{rel}","templated":true}]}}