{"id":34916,"date":"2018-09-17T10:36:04","date_gmt":"2018-09-17T13:36:04","guid":{"rendered":"https:\/\/www.anamt.org.br\/portal\/?p=34916"},"modified":"2018-09-17T11:22:46","modified_gmt":"2018-09-17T14:22:46","slug":"beneficio-para-associados-palestra-existe-trabalho-saudavel","status":"publish","type":"post","link":"https:\/\/www.anamt.org.br\/portal\/2018\/09\/17\/beneficio-para-associados-palestra-existe-trabalho-saudavel\/","title":{"rendered":"Benef\u00edcio para associados: palestra Existe &#8220;trabalho saud\u00e1vel&#8221;?"},"content":{"rendered":"<p><img decoding=\"async\" class=\"size-full wp-image-34917 aligncenter\" src=\"https:\/\/www.anamt.org.br\/portal\/wp-content\/uploads\/2018\/09\/palestra_existe_trabalho_saudavel.jpg\" alt=\"\" width=\"650\" height=\"365\" srcset=\"https:\/\/www.anamt.org.br\/portal\/wp-content\/uploads\/2018\/09\/palestra_existe_trabalho_saudavel-200x112.jpg 200w, https:\/\/www.anamt.org.br\/portal\/wp-content\/uploads\/2018\/09\/palestra_existe_trabalho_saudavel-300x168.jpg 300w, https:\/\/www.anamt.org.br\/portal\/wp-content\/uploads\/2018\/09\/palestra_existe_trabalho_saudavel-400x225.jpg 400w, https:\/\/www.anamt.org.br\/portal\/wp-content\/uploads\/2018\/09\/palestra_existe_trabalho_saudavel-600x337.jpg 600w, https:\/\/www.anamt.org.br\/portal\/wp-content\/uploads\/2018\/09\/palestra_existe_trabalho_saudavel.jpg 650w\" sizes=\"(max-width: 650px) 100vw, 650px\" \/><\/p>\n<p>No dia 24 de setembro, \u00e0s 19h, o Prof. Ren\u00e9 Mendes, fundador e editor honor\u00e1rio da <a href=\"http:\/\/rbmt.org.br\/\" target=\"_blank\" rel=\"noopener\">Revista Brasileira de Medicina do Trabalho (RBMT)<\/a>, palestra em S\u00e3o Paulo (SP) sobre o tema <em>Existe &#8220;trabalho saud\u00e1vel?&#8221; &#8211; Corrigindo equ\u00edvocos e mitos, a caminho de paradigmas mais ousados<\/em>. Os associados da ANAMT interessados em participar ter\u00e3o 25% de desconto na entrada para o debate deste dia e palestras posteriores.<\/p>\n<p>Os ingressos com desconto estar\u00e3o \u00e0 venda na bilheteria do Teatro It\u00e1lia (<span class=\"LrzXr\">Av. Ipiranga, 344 &#8211; Rep\u00fablica<\/span>). Basta apenas informar a associa\u00e7\u00e3o com a ANAMT para garantir o pre\u00e7o especial.<\/p>\n<p>Para mais informa\u00e7\u00f5es, entre em contato: <a href=\"mailto:palestras@renemendes.com.br\" target=\"_blank\" rel=\"noopener\">palestras@renemendes.com.br<\/a><\/p>\n<p><a href=\"https:\/\/www.youtube.com\/watch?v=wtzMXKfmLHg&#038;feature=youtu.be\">https:\/\/www.youtube.com\/watch?v=wtzMXKfmLHg&amp;feature=youtu.be<\/a><\/p>\n","protected":false},"excerpt":{"rendered":"<p>No dia 24 de setembro, \u00e0s 19h, o Prof. Ren\u00e9 Mendes, fundador e editor honor\u00e1rio da Revista Brasileira de Medicina do Trabalho (RBMT), palestra em S\u00e3o Paulo (SP) sobre o tema Existe &#8220;trabalho saud\u00e1vel?&#8221; &#8211; Corrigindo equ\u00edvocos e mitos, a caminho de paradigmas mais ousados. Os associados da ANAMT interessados em participar ter\u00e3o 25% de [&hellip;]<\/p>\n","protected":false},"author":1,"featured_media":30976,"comment_status":"closed","ping_status":"closed","sticky":false,"template":"","format":"standard","meta":{"footnotes":""},"categories":[78],"tags":[],"_links":{"self":[{"href":"https:\/\/www.anamt.org.br\/portal\/wp-json\/wp\/v2\/posts\/34916"}],"collection":[{"href":"https:\/\/www.anamt.org.br\/portal\/wp-json\/wp\/v2\/posts"}],"about":[{"href":"https:\/\/www.anamt.org.br\/portal\/wp-json\/wp\/v2\/types\/post"}],"author":[{"embeddable":true,"href":"https:\/\/www.anamt.org.br\/portal\/wp-json\/wp\/v2\/users\/1"}],"replies":[{"embeddable":true,"href":"https:\/\/www.anamt.org.br\/portal\/wp-json\/wp\/v2\/comments?post=34916"}],"version-history":[{"count":0,"href":"https:\/\/www.anamt.org.br\/portal\/wp-json\/wp\/v2\/posts\/34916\/revisions"}],"wp:featuredmedia":[{"embeddable":true,"href":"https:\/\/www.anamt.org.br\/portal\/wp-json\/wp\/v2\/media\/30976"}],"wp:attachment":[{"href":"https:\/\/www.anamt.org.br\/portal\/wp-json\/wp\/v2\/media?parent=34916"}],"wp:term":[{"taxonomy":"category","embeddable":true,"href":"https:\/\/www.anamt.org.br\/portal\/wp-json\/wp\/v2\/categories?post=34916"},{"taxonomy":"post_tag","embeddable":true,"href":"https:\/\/www.anamt.org.br\/portal\/wp-json\/wp\/v2\/tags?post=34916"}],"curies":[{"name":"wp","href":"https:\/\/api.w.org\/{rel}","templated":true}]}}