{"id":34900,"date":"2018-09-10T16:32:53","date_gmt":"2018-09-10T19:32:53","guid":{"rendered":"https:\/\/www.anamt.org.br\/portal\/?p=34900"},"modified":"2018-09-10T16:32:53","modified_gmt":"2018-09-10T19:32:53","slug":"jornal-da-usp-brasil-vive-surtos-de-depressao-e-ansiedade","status":"publish","type":"post","link":"https:\/\/www.anamt.org.br\/portal\/2018\/09\/10\/jornal-da-usp-brasil-vive-surtos-de-depressao-e-ansiedade\/","title":{"rendered":"Jornal da USP: Brasil vive surtos de depress\u00e3o e ansiedade"},"content":{"rendered":"<p>O Brasil \u00e9 considerado o pa\u00eds mais ansioso e estressado da Am\u00e9rica Latina. Segundo a Organiza\u00e7\u00e3o Mundial da Sa\u00fade (OMS), nos \u00faltimos dez anos o n\u00famero de pessoas com depress\u00e3o aumentou 18,4%, isso corresponde a 322 milh\u00f5es de indiv\u00edduos, ou 4,4% da popula\u00e7\u00e3o da Terra. No Brasil, 5,8% dos habitantes \u2013 a maior taxa do continente latino-americano \u2013 sofrem com o problema.<\/p>\n<p>Em rela\u00e7\u00e3o \u00e0 ansiedade, o Brasil tamb\u00e9m lidera, com 9,3% da popula\u00e7\u00e3o. Esse problema engloba efeitos como fobia, transtorno obsessivo-compulsivo, estresse p\u00f3s-traum\u00e1tico e ataque de p\u00e2nico. As mulheres sofrem mais com a ansiedade: cerca de 7,7% das mulheres s\u00e3o ansiosas e 5,1%, deprimidas. J\u00e1 entre os homens, o n\u00famero cai para 3,6% nos dois casos.<\/p>\n<p>A professora Alline Campos, da Faculdade de Medicina de Ribeir\u00e3o Preto (FMRP) da USP, explica como diferenciar o estresse, a depress\u00e3o e a ansiedade. \u201cEstresse \u00e9 uma coisa que vivemos e estamos expostos a todo tempo; a ansiedade \u00e9 uma doen\u00e7a grave relacionada com o futuro, a pessoa sempre sente receio em tudo o que vai fazer. J\u00e1 a depress\u00e3o est\u00e1 relacionada ao passado, algo que \u00e9 um peso; a pessoa se sente deprimida, incapaz de expressar seu sentimento e com medo de lidar com certas situa\u00e7\u00f5es.\u201d<\/p>\n<p><em>(Fonte: Jornal da USP)<\/em><\/p>\n","protected":false},"excerpt":{"rendered":"<p>O Brasil \u00e9 considerado o pa\u00eds mais ansioso e estressado da Am\u00e9rica Latina. Segundo a Organiza\u00e7\u00e3o Mundial da Sa\u00fade (OMS), nos \u00faltimos dez anos o n\u00famero de pessoas com depress\u00e3o aumentou 18,4%, isso corresponde a 322 milh\u00f5es de indiv\u00edduos, ou 4,4% da popula\u00e7\u00e3o da Terra. No Brasil, 5,8% dos habitantes \u2013 a maior taxa do [&hellip;]<\/p>\n","protected":false},"author":1,"featured_media":30896,"comment_status":"closed","ping_status":"closed","sticky":false,"template":"","format":"standard","meta":{"footnotes":""},"categories":[80],"tags":[],"_links":{"self":[{"href":"https:\/\/www.anamt.org.br\/portal\/wp-json\/wp\/v2\/posts\/34900"}],"collection":[{"href":"https:\/\/www.anamt.org.br\/portal\/wp-json\/wp\/v2\/posts"}],"about":[{"href":"https:\/\/www.anamt.org.br\/portal\/wp-json\/wp\/v2\/types\/post"}],"author":[{"embeddable":true,"href":"https:\/\/www.anamt.org.br\/portal\/wp-json\/wp\/v2\/users\/1"}],"replies":[{"embeddable":true,"href":"https:\/\/www.anamt.org.br\/portal\/wp-json\/wp\/v2\/comments?post=34900"}],"version-history":[{"count":0,"href":"https:\/\/www.anamt.org.br\/portal\/wp-json\/wp\/v2\/posts\/34900\/revisions"}],"wp:featuredmedia":[{"embeddable":true,"href":"https:\/\/www.anamt.org.br\/portal\/wp-json\/wp\/v2\/media\/30896"}],"wp:attachment":[{"href":"https:\/\/www.anamt.org.br\/portal\/wp-json\/wp\/v2\/media?parent=34900"}],"wp:term":[{"taxonomy":"category","embeddable":true,"href":"https:\/\/www.anamt.org.br\/portal\/wp-json\/wp\/v2\/categories?post=34900"},{"taxonomy":"post_tag","embeddable":true,"href":"https:\/\/www.anamt.org.br\/portal\/wp-json\/wp\/v2\/tags?post=34900"}],"curies":[{"name":"wp","href":"https:\/\/api.w.org\/{rel}","templated":true}]}}