{"id":34839,"date":"2018-08-31T11:36:23","date_gmt":"2018-08-31T14:36:23","guid":{"rendered":"https:\/\/www.anamt.org.br\/portal\/?p=34839"},"modified":"2018-08-31T11:37:46","modified_gmt":"2018-08-31T14:37:46","slug":"beneficio-para-associados-gympass-lanca-programa-mundo-ativo","status":"publish","type":"post","link":"https:\/\/www.anamt.org.br\/portal\/2018\/08\/31\/beneficio-para-associados-gympass-lanca-programa-mundo-ativo\/","title":{"rendered":"Benef\u00edcio para associados: Gympass lan\u00e7a Programa Mundo Ativo"},"content":{"rendered":"<p>No dia 13 de setembro, os associados da ANAMT de S\u00e3o Paulo poder\u00e3o participar do lan\u00e7amento do programa Mundo Ativo, da Gympass, no escrit\u00f3rio da empresa em S\u00e3o Paulo (SP). No evento, ser\u00e1 realizado um painel com o Dr. Drauzio Varella, CEOs e gestores de RH que debater\u00e3o a import\u00e2ncia do combate ao sedentarismo e o papel das empresas nesse contexto.<\/p>\n<p>As presen\u00e7as devem ser confirmadas com um e-mail para eventosbrasil@gympass.com<\/p>\n<p><img decoding=\"async\" class=\"alignnone size-full wp-image-34844\" src=\"https:\/\/www.anamt.org.br\/portal\/wp-content\/uploads\/2018\/08\/BR_Savethedate_MundoAtivo_V3.jpg\" alt=\"\" width=\"833\" height=\"1353\" srcset=\"https:\/\/www.anamt.org.br\/portal\/wp-content\/uploads\/2018\/08\/BR_Savethedate_MundoAtivo_V3-185x300.jpg 185w, https:\/\/www.anamt.org.br\/portal\/wp-content\/uploads\/2018\/08\/BR_Savethedate_MundoAtivo_V3-200x325.jpg 200w, https:\/\/www.anamt.org.br\/portal\/wp-content\/uploads\/2018\/08\/BR_Savethedate_MundoAtivo_V3-400x650.jpg 400w, https:\/\/www.anamt.org.br\/portal\/wp-content\/uploads\/2018\/08\/BR_Savethedate_MundoAtivo_V3-600x975.jpg 600w, https:\/\/www.anamt.org.br\/portal\/wp-content\/uploads\/2018\/08\/BR_Savethedate_MundoAtivo_V3-630x1024.jpg 630w, https:\/\/www.anamt.org.br\/portal\/wp-content\/uploads\/2018\/08\/BR_Savethedate_MundoAtivo_V3-768x1247.jpg 768w, https:\/\/www.anamt.org.br\/portal\/wp-content\/uploads\/2018\/08\/BR_Savethedate_MundoAtivo_V3-800x1299.jpg 800w, https:\/\/www.anamt.org.br\/portal\/wp-content\/uploads\/2018\/08\/BR_Savethedate_MundoAtivo_V3.jpg 833w\" sizes=\"(max-width: 833px) 100vw, 833px\" \/><\/p>\n","protected":false},"excerpt":{"rendered":"<p>No dia 13 de setembro, os associados da ANAMT de S\u00e3o Paulo poder\u00e3o participar do lan\u00e7amento do programa Mundo Ativo, da Gympass, no escrit\u00f3rio da empresa em S\u00e3o Paulo (SP). No evento, ser\u00e1 realizado um painel com o Dr. Drauzio Varella, CEOs e gestores de RH que debater\u00e3o a import\u00e2ncia do combate ao sedentarismo e [&hellip;]<\/p>\n","protected":false},"author":1,"featured_media":34843,"comment_status":"closed","ping_status":"closed","sticky":false,"template":"","format":"standard","meta":{"footnotes":""},"categories":[78],"tags":[],"_links":{"self":[{"href":"https:\/\/www.anamt.org.br\/portal\/wp-json\/wp\/v2\/posts\/34839"}],"collection":[{"href":"https:\/\/www.anamt.org.br\/portal\/wp-json\/wp\/v2\/posts"}],"about":[{"href":"https:\/\/www.anamt.org.br\/portal\/wp-json\/wp\/v2\/types\/post"}],"author":[{"embeddable":true,"href":"https:\/\/www.anamt.org.br\/portal\/wp-json\/wp\/v2\/users\/1"}],"replies":[{"embeddable":true,"href":"https:\/\/www.anamt.org.br\/portal\/wp-json\/wp\/v2\/comments?post=34839"}],"version-history":[{"count":0,"href":"https:\/\/www.anamt.org.br\/portal\/wp-json\/wp\/v2\/posts\/34839\/revisions"}],"wp:featuredmedia":[{"embeddable":true,"href":"https:\/\/www.anamt.org.br\/portal\/wp-json\/wp\/v2\/media\/34843"}],"wp:attachment":[{"href":"https:\/\/www.anamt.org.br\/portal\/wp-json\/wp\/v2\/media?parent=34839"}],"wp:term":[{"taxonomy":"category","embeddable":true,"href":"https:\/\/www.anamt.org.br\/portal\/wp-json\/wp\/v2\/categories?post=34839"},{"taxonomy":"post_tag","embeddable":true,"href":"https:\/\/www.anamt.org.br\/portal\/wp-json\/wp\/v2\/tags?post=34839"}],"curies":[{"name":"wp","href":"https:\/\/api.w.org\/{rel}","templated":true}]}}