{"id":34830,"date":"2018-08-31T09:21:45","date_gmt":"2018-08-31T12:21:45","guid":{"rendered":"https:\/\/www.anamt.org.br\/portal\/?p=34830"},"modified":"2018-08-31T09:23:16","modified_gmt":"2018-08-31T12:23:16","slug":"acamt-promove-a-xxi-jornada-catarinense-de-saude-ocupacional","status":"publish","type":"post","link":"https:\/\/www.anamt.org.br\/portal\/2018\/08\/31\/acamt-promove-a-xxi-jornada-catarinense-de-saude-ocupacional\/","title":{"rendered":"ACAMT promove a XXI Jornada Catarinense de Sa\u00fade Ocupacional"},"content":{"rendered":"<p>A Associa\u00e7\u00e3o Catarinense de Medicina do Trabalho (ACAMT) deu in\u00edcio \u00e0s discuss\u00f5es da XXI Jornada Catarinense de Sa\u00fade Ocupacional, que ocorre entre os dias 30 de agosto e 1\u00ba de setembro no Bourbon Business Hotel, em Joinville (SC). O evento tem como tema a interface da cl\u00ednica com a Medicina do Trabalho.<\/p>\n<p>Para mais informa\u00e7\u00f5es sobre a programa\u00e7\u00e3o, visite o <a href=\"http:\/\/www.acm.org.br\/acm\/acamt\/\" target=\"_blank\" rel=\"noopener\">site da ACAMT<\/a>.<\/p>\n<p><img decoding=\"async\" class=\"size-full wp-image-34832 aligncenter\" src=\"https:\/\/www.anamt.org.br\/portal\/wp-content\/uploads\/2018\/08\/XXI-Jornada-Catarinense-de-Sa\u00fade-Ocupacional-3.jpeg\" alt=\"\" width=\"650\" height=\"433\" srcset=\"https:\/\/www.anamt.org.br\/portal\/wp-content\/uploads\/2018\/08\/XXI-Jornada-Catarinense-de-Sa\u00fade-Ocupacional-3-200x133.jpeg 200w, https:\/\/www.anamt.org.br\/portal\/wp-content\/uploads\/2018\/08\/XXI-Jornada-Catarinense-de-Sa\u00fade-Ocupacional-3-300x200.jpeg 300w, https:\/\/www.anamt.org.br\/portal\/wp-content\/uploads\/2018\/08\/XXI-Jornada-Catarinense-de-Sa\u00fade-Ocupacional-3-400x266.jpeg 400w, https:\/\/www.anamt.org.br\/portal\/wp-content\/uploads\/2018\/08\/XXI-Jornada-Catarinense-de-Sa\u00fade-Ocupacional-3-600x400.jpeg 600w, https:\/\/www.anamt.org.br\/portal\/wp-content\/uploads\/2018\/08\/XXI-Jornada-Catarinense-de-Sa\u00fade-Ocupacional-3.jpeg 650w\" sizes=\"(max-width: 650px) 100vw, 650px\" \/><\/p>\n<p><img decoding=\"async\" class=\"size-full wp-image-34833 aligncenter\" src=\"https:\/\/www.anamt.org.br\/portal\/wp-content\/uploads\/2018\/08\/XXI-Jornada-Catarinense-de-Sa\u00fade-Ocupacional-1.jpeg\" alt=\"\" width=\"650\" height=\"433\" srcset=\"https:\/\/www.anamt.org.br\/portal\/wp-content\/uploads\/2018\/08\/XXI-Jornada-Catarinense-de-Sa\u00fade-Ocupacional-1-200x133.jpeg 200w, https:\/\/www.anamt.org.br\/portal\/wp-content\/uploads\/2018\/08\/XXI-Jornada-Catarinense-de-Sa\u00fade-Ocupacional-1-300x200.jpeg 300w, https:\/\/www.anamt.org.br\/portal\/wp-content\/uploads\/2018\/08\/XXI-Jornada-Catarinense-de-Sa\u00fade-Ocupacional-1-400x266.jpeg 400w, https:\/\/www.anamt.org.br\/portal\/wp-content\/uploads\/2018\/08\/XXI-Jornada-Catarinense-de-Sa\u00fade-Ocupacional-1-600x400.jpeg 600w, https:\/\/www.anamt.org.br\/portal\/wp-content\/uploads\/2018\/08\/XXI-Jornada-Catarinense-de-Sa\u00fade-Ocupacional-1.jpeg 650w\" sizes=\"(max-width: 650px) 100vw, 650px\" \/><\/p>\n<p><img decoding=\"async\" class=\"size-full wp-image-34831 aligncenter\" src=\"https:\/\/www.anamt.org.br\/portal\/wp-content\/uploads\/2018\/08\/XXI-Jornada-Catarinense-de-Sa\u00fade-Ocupacional-2.jpeg\" alt=\"\" width=\"650\" height=\"866\" srcset=\"https:\/\/www.anamt.org.br\/portal\/wp-content\/uploads\/2018\/08\/XXI-Jornada-Catarinense-de-Sa\u00fade-Ocupacional-2-200x266.jpeg 200w, https:\/\/www.anamt.org.br\/portal\/wp-content\/uploads\/2018\/08\/XXI-Jornada-Catarinense-de-Sa\u00fade-Ocupacional-2-225x300.jpeg 225w, https:\/\/www.anamt.org.br\/portal\/wp-content\/uploads\/2018\/08\/XXI-Jornada-Catarinense-de-Sa\u00fade-Ocupacional-2-400x533.jpeg 400w, https:\/\/www.anamt.org.br\/portal\/wp-content\/uploads\/2018\/08\/XXI-Jornada-Catarinense-de-Sa\u00fade-Ocupacional-2-600x799.jpeg 600w, https:\/\/www.anamt.org.br\/portal\/wp-content\/uploads\/2018\/08\/XXI-Jornada-Catarinense-de-Sa\u00fade-Ocupacional-2.jpeg 650w\" sizes=\"(max-width: 650px) 100vw, 650px\" \/><\/p>\n","protected":false},"excerpt":{"rendered":"<p>A Associa\u00e7\u00e3o Catarinense de Medicina do Trabalho (ACAMT) deu in\u00edcio \u00e0s discuss\u00f5es da XXI Jornada Catarinense de Sa\u00fade Ocupacional, que ocorre entre os dias 30 de agosto e 1\u00ba de setembro no Bourbon Business Hotel, em Joinville (SC). O evento tem como tema a interface da cl\u00ednica com a Medicina do Trabalho. Para mais informa\u00e7\u00f5es [&hellip;]<\/p>\n","protected":false},"author":1,"featured_media":30616,"comment_status":"closed","ping_status":"closed","sticky":false,"template":"","format":"standard","meta":{"footnotes":""},"categories":[78],"tags":[],"_links":{"self":[{"href":"https:\/\/www.anamt.org.br\/portal\/wp-json\/wp\/v2\/posts\/34830"}],"collection":[{"href":"https:\/\/www.anamt.org.br\/portal\/wp-json\/wp\/v2\/posts"}],"about":[{"href":"https:\/\/www.anamt.org.br\/portal\/wp-json\/wp\/v2\/types\/post"}],"author":[{"embeddable":true,"href":"https:\/\/www.anamt.org.br\/portal\/wp-json\/wp\/v2\/users\/1"}],"replies":[{"embeddable":true,"href":"https:\/\/www.anamt.org.br\/portal\/wp-json\/wp\/v2\/comments?post=34830"}],"version-history":[{"count":0,"href":"https:\/\/www.anamt.org.br\/portal\/wp-json\/wp\/v2\/posts\/34830\/revisions"}],"wp:featuredmedia":[{"embeddable":true,"href":"https:\/\/www.anamt.org.br\/portal\/wp-json\/wp\/v2\/media\/30616"}],"wp:attachment":[{"href":"https:\/\/www.anamt.org.br\/portal\/wp-json\/wp\/v2\/media?parent=34830"}],"wp:term":[{"taxonomy":"category","embeddable":true,"href":"https:\/\/www.anamt.org.br\/portal\/wp-json\/wp\/v2\/categories?post=34830"},{"taxonomy":"post_tag","embeddable":true,"href":"https:\/\/www.anamt.org.br\/portal\/wp-json\/wp\/v2\/tags?post=34830"}],"curies":[{"name":"wp","href":"https:\/\/api.w.org\/{rel}","templated":true}]}}