{"id":34765,"date":"2018-08-21T09:17:07","date_gmt":"2018-08-21T12:17:07","guid":{"rendered":"https:\/\/www.anamt.org.br\/portal\/?p=34765"},"modified":"2018-08-21T09:17:07","modified_gmt":"2018-08-21T12:17:07","slug":"ministerio-define-grupo-para-atuar-na-prevencao-ao-cancer-no-trabalho","status":"publish","type":"post","link":"https:\/\/www.anamt.org.br\/portal\/2018\/08\/21\/ministerio-define-grupo-para-atuar-na-prevencao-ao-cancer-no-trabalho\/","title":{"rendered":"Minist\u00e9rio define grupo para atuar na preven\u00e7\u00e3o ao c\u00e2ncer no trabalho"},"content":{"rendered":"<p>Um Grupo de Estudo Tripartite (GET), formado no \u00e2mbito do Minist\u00e9rio do Trabalho, deve apresentar at\u00e9 o fim deste ano propostas sobre medidas e procedimentos de preven\u00e7\u00e3o \u00e0 exposi\u00e7\u00e3o de trabalhadores a agentes cancer\u00edgenos. O GET foi constitu\u00eddo pela <a href=\"http:\/\/www.protecao.com.br\/_system\/scripts\/download.php?file=upload\/protecao_galeriaarquivo\/1241.pdf\">Portaria n\u00ba 741<\/a>, publicada no \u00faltimo dia 31 de julho no Di\u00e1rio Oficial da Uni\u00e3o, e ser\u00e1 composto de at\u00e9 seis membros efetivos, representando o governo, empregadores e trabalhadores. O c\u00e2ncer ocupacional representa de 2% a 4% dos casos da doen\u00e7a, segundo o Instituto Nacional de C\u00e2ncer (Inca).<\/p>\n<p>A estimativa do Inca para o Brasil, no bi\u00eanio 2018-2019, \u00e9 de 600 mil novos casos de c\u00e2ncer, para cada ano. Ou seja, at\u00e9 48 mil casos podem ser motivados pela exposi\u00e7\u00e3o a agentes cancer\u00edgenos no ambiente de trabalho, nos dois anos. Os tipos mais comuns s\u00e3o o c\u00e2ncer de pulm\u00e3o, os mesoteliomas (que come\u00e7am nas c\u00e9lulas dos revestimentos internos, especialmente no t\u00f3rax ou abdome), de pele, de bexiga e leucemias.<\/p>\n<p>O auditor-fiscal do Trabalho e coordenador-geral de Normatiza\u00e7\u00e3o e Programas da Secretaria de Inspe\u00e7\u00e3o do Trabalho (SIT) do Minist\u00e9rio do Trabalho, Elton Machado Barbosa Costa, lembra que existem cancer\u00edgenos com os quais a popula\u00e7\u00e3o tem contato diariamente, como a polui\u00e7\u00e3o do ar, mas o esfor\u00e7o do GET est\u00e1 concentrado nos ambientes de trabalho, onde a inspe\u00e7\u00e3o do trabalho tem condi\u00e7\u00f5es de atuar.<\/p>\n<p><b>Carcinog\u00eanicos &#8211;<\/b> Das subst\u00e2ncias ou misturas consideradas carcinog\u00eanicas para os humanos pela Ag\u00eancia Internacional de Pesquisa em C\u00e2ncer (Iarc), v\u00e1rias s\u00e3o comuns nos ambientes de trabalho, desde ind\u00fastrias at\u00e9 sal\u00f5es de beleza, ou mesmo em lavouras no meio rural. Um exemplo \u00e9 a s\u00edlica, utilizada na produ\u00e7\u00e3o de vidros e porcelanas, que pode causar c\u00e2ncer de pulm\u00e3o. Outro \u00e9 o amianto ou asbesto, comum na ind\u00fastria t\u00eaxtil e de fibrocimento. Utilizado na produ\u00e7\u00e3o de telhas, caixas d`\u00e1gua e tubula\u00e7\u00f5es, entre outros, o asbesto pode causar fibrose pulmonar, tumor maligno da pleura e c\u00e2ncer de pulm\u00e3o.<\/p>\n<p>Tamb\u00e9m est\u00e3o presentes na rotina das f\u00e1bricas e ind\u00fastrias subst\u00e2ncias como o cromo hexavalente, utilizado na fabrica\u00e7\u00e3o de baterias, soldas e pigmentos, que aumenta o risco de c\u00e2ncer de pulm\u00e3o e das fossas nasais; e o benzeno, um solvente derivado do petr\u00f3leo que pode provocar leucemia mieloide.<\/p>\n<p>A lista inclui tamb\u00e9m metais pesados como o n\u00edquel e cromo, a radia\u00e7\u00e3o ionizante e alguns agrot\u00f3xicos, al\u00e9m de produtos que parecem inofensivos, como poeiras madeira, de couro e de cereais. Os efeitos podem ser ainda piores, quando o trabalhador estiver sujeito \u00e0 polui\u00e7\u00e3o ambiental ou tiver uma dieta rica em gorduras trans, al\u00e9m de consumo exagerado de \u00e1lcool, agentes biol\u00f3gicos e tabagismo.<\/p>\n<h3>Agenda intensa<\/h3>\n<p>Elton Costa explica que o GET avaliar\u00e1 a situa\u00e7\u00e3o brasileira e de outros pa\u00edses e discutir\u00e1 qual a melhor forma de abordar o problema &#8211; se \u00e9 necess\u00e1rio editar novas normas t\u00e9cnicas, lan\u00e7ar campanhas de orienta\u00e7\u00e3o e conscientiza\u00e7\u00e3o, ou outras medidas. Os encontros presenciais ser\u00e3o bimestrais, mas os membros do grupo permanecer\u00e3o em contato diariamente. &#8220;O objetivo \u00e9 ter uma agenda de trabalho mais intensa, para entregar um resultado desses estudos at\u00e9 o final do ano&#8221;, relata.<\/p>\n<p>Os membros do governo no GET s\u00e3o representantes do Departamento de Seguran\u00e7a e Sa\u00fade no Trabalho (DSST) da SIT; da Funda\u00e7\u00e3o Jorge Duprat Figueiredo de Seguran\u00e7a e Medicina do Trabalho (Fundacentro); do Departamento de Vigil\u00e2ncia em Sa\u00fade Ambiental e Sa\u00fade do Trabalhador DSAST) do Minist\u00e9rio da Sa\u00fade; da Secretaria de Previd\u00eancia Social (SPREV) do Minist\u00e9rio da Fazenda; e do Departamento de Qualidade Ambiental e Gest\u00e3o de Res\u00edduos (DQAR) do Minist\u00e9rio do Meio Ambiente.<\/p>\n<p>Pelos empregadores, foram nomeados representantes da Confedera\u00e7\u00e3o Nacional do Com\u00e9rcio de Bens, Turismo e Servi\u00e7os (CNC); Confedera\u00e7\u00e3o da Agricultura e Pecu\u00e1ria do Brasil (CNA); Confedera\u00e7\u00e3o Nacional do Transporte (CNT); Confedera\u00e7\u00e3o Nacional da Ind\u00fastria (CNI); e Confedera\u00e7\u00e3o Nacional da Sa\u00fade (CNSa\u00fade).<\/p>\n<p>Os trabalhadores t\u00eam representantes da Central dos Sindicatos Brasileiros (CSB); For\u00e7a Sindical (FS); Uni\u00e3o Geral dos Trabalhadores (UGT); Central \u00danica dos Trabalhadores (CUT); e Nova Central Sindical de Trabalhadores (NCST).<\/p>\n<p><em>(Fonte: Minist\u00e9rio do Trabalho)<\/em><\/p>\n","protected":false},"excerpt":{"rendered":"<p>Um Grupo de Estudo Tripartite (GET), formado no \u00e2mbito do Minist\u00e9rio do Trabalho, deve apresentar at\u00e9 o fim deste ano propostas sobre medidas e procedimentos de preven\u00e7\u00e3o \u00e0 exposi\u00e7\u00e3o de trabalhadores a agentes cancer\u00edgenos. O GET foi constitu\u00eddo pela Portaria n\u00ba 741, publicada no \u00faltimo dia 31 de julho no Di\u00e1rio Oficial da Uni\u00e3o, e [&hellip;]<\/p>\n","protected":false},"author":1,"featured_media":32201,"comment_status":"closed","ping_status":"closed","sticky":false,"template":"","format":"standard","meta":{"footnotes":""},"categories":[79],"tags":[],"_links":{"self":[{"href":"https:\/\/www.anamt.org.br\/portal\/wp-json\/wp\/v2\/posts\/34765"}],"collection":[{"href":"https:\/\/www.anamt.org.br\/portal\/wp-json\/wp\/v2\/posts"}],"about":[{"href":"https:\/\/www.anamt.org.br\/portal\/wp-json\/wp\/v2\/types\/post"}],"author":[{"embeddable":true,"href":"https:\/\/www.anamt.org.br\/portal\/wp-json\/wp\/v2\/users\/1"}],"replies":[{"embeddable":true,"href":"https:\/\/www.anamt.org.br\/portal\/wp-json\/wp\/v2\/comments?post=34765"}],"version-history":[{"count":0,"href":"https:\/\/www.anamt.org.br\/portal\/wp-json\/wp\/v2\/posts\/34765\/revisions"}],"wp:featuredmedia":[{"embeddable":true,"href":"https:\/\/www.anamt.org.br\/portal\/wp-json\/wp\/v2\/media\/32201"}],"wp:attachment":[{"href":"https:\/\/www.anamt.org.br\/portal\/wp-json\/wp\/v2\/media?parent=34765"}],"wp:term":[{"taxonomy":"category","embeddable":true,"href":"https:\/\/www.anamt.org.br\/portal\/wp-json\/wp\/v2\/categories?post=34765"},{"taxonomy":"post_tag","embeddable":true,"href":"https:\/\/www.anamt.org.br\/portal\/wp-json\/wp\/v2\/tags?post=34765"}],"curies":[{"name":"wp","href":"https:\/\/api.w.org\/{rel}","templated":true}]}}