{"id":34739,"date":"2018-08-09T11:27:09","date_gmt":"2018-08-09T14:27:09","guid":{"rendered":"https:\/\/www.anamt.org.br\/portal\/?p=34739"},"modified":"2018-08-16T11:28:15","modified_gmt":"2018-08-16T14:28:15","slug":"seminario-centro-oeste-reune-especialistas-em-debate-sobre-agrotoxicos","status":"publish","type":"post","link":"https:\/\/www.anamt.org.br\/portal\/2018\/08\/09\/seminario-centro-oeste-reune-especialistas-em-debate-sobre-agrotoxicos\/","title":{"rendered":"Semin\u00e1rio Centro-Oeste re\u00fane especialistas em debate sobre agrot\u00f3xicos"},"content":{"rendered":"<p>Acontece hoje (9) o semin\u00e1rio regional com especialistas em sa\u00fade e seguran\u00e7a do trabalho da ANAMT (Associa\u00e7\u00e3o Nacional de Medicina do Trabalho), em Campo Grande. O encontro ir\u00e1 reunir multiprofissionais com temas recorrentes como a implanta\u00e7\u00e3o de programas sociais, sa\u00fade do trabalhador agr\u00f4nomo e cuidados b\u00e1sicos com o uso de agrot\u00f3xicos.<\/p>\n<p>As palestras seguem at\u00e9 s\u00e1bado (11), na sede da ASMET, localizada na Avenida Desembargador Le\u00e3o Neto do Carmo, 155, no Jardim Veraneio. O m\u00e9dico da \u00e1rea trabalhista Gustavo Nicolai abrir\u00e1 o semin\u00e1rio \u00e0s 8h30, com o tema \u201cComo se preparar para o eSocial\u201d, programa federal de informa\u00e7\u00f5es trabalhistas como os v\u00ednculos, contribui\u00e7\u00f5es previdenci\u00e1rias, folha de pagamento, comunica\u00e7\u00f5es de acidente de trabalho, aviso pr\u00e9vio, escritura\u00e7\u00f5es fiscais e informa\u00e7\u00f5es sobre o FGTS. At\u00e9 ano que vem o sistema ser\u00e1 obrigat\u00f3rio para empresas privadas e p\u00fablicas.<\/p>\n<p>Tamb\u00e9m acontece \u00e0s 14h, uma s\u00e9rie de confer\u00eancias para m\u00e9dicos e trabalhadores em seguran\u00e7a do trabalho v\u00e3o abordar aspectos t\u00e9cnicos, \u00e9ticos e legais do PCMSO (Programa de Controle M\u00e9dico de Sa\u00fade Ocupacional) e novidades sobre os agravos de membros superiores.<\/p>\n<p>Sobre os aspectos das novas leis trabalhistas, v\u00e3o abrir os trabalhos das atividades de sexta-feira (10), \u00e0s 8h30, o desembargador e presidente do Tribunal Regional do Trabalho da 24\u00aa Regi\u00e3o, Jo\u00e3o de Deus Gomes de Souza, e o presidente da Fiems (Federa\u00e7\u00e3o das Ind\u00fastrias de Mato Grosso do Sul), S\u00e9rgio Longen. Em seguida come\u00e7a uma mesa-redonda com especialistas para debater a \u201cMedicina do Trabalho e Per\u00edcias: Relacionamentos, oportunidades<br \/>\ne desafios\u201d.<\/p>\n<p>No s\u00e1bado (11), haver\u00e1 uma manh\u00e3 voltada para o tema do encontro que \u00e9 \u201cPromo\u00e7\u00e3o do Trabalho digno, seguro e saud\u00e1vel na Regi\u00e3o Centro-Oeste\u201d. \u00c0s 8h o professor da UFMT (Universidade Federal de Mato Grosso) Luis Henrique da Costa Le\u00e3o falar\u00e1 sobre a \u201cExposi\u00e7\u00e3o a agrot\u00f3xicos no agroneg\u00f3cio e efeitos sobre a sa\u00fade dos trabalhadores\u201d. J\u00e1 a avalia\u00e7\u00e3o ergon\u00f4mica nas atividades agroindustriais ser\u00e1 tema da confer\u00eancia do doutor Carlos Campos, \u00e0s 9h30. O encerramento da programa\u00e7\u00e3o ser\u00e1 \u00e0s 11h30, com a presidente da ANAMT, doutora Marcia Bandini, ressaltando o papel da institui\u00e7\u00e3o para o trabalho digno, seguro e saud\u00e1vel. (Com assessoria)<\/p>\n<p><em>(Fonte: O Estado do Mato Grosso do Sul)<\/em><\/p>\n","protected":false},"excerpt":{"rendered":"<p>Acontece hoje (9) o semin\u00e1rio regional com especialistas em sa\u00fade e seguran\u00e7a do trabalho da ANAMT (Associa\u00e7\u00e3o Nacional de Medicina do Trabalho), em Campo Grande. O encontro ir\u00e1 reunir multiprofissionais com temas recorrentes como a implanta\u00e7\u00e3o de programas sociais, sa\u00fade do trabalhador agr\u00f4nomo e cuidados b\u00e1sicos com o uso de agrot\u00f3xicos. As palestras seguem at\u00e9 [&hellip;]<\/p>\n","protected":false},"author":1,"featured_media":34687,"comment_status":"closed","ping_status":"closed","sticky":false,"template":"","format":"standard","meta":{"footnotes":""},"categories":[78],"tags":[],"_links":{"self":[{"href":"https:\/\/www.anamt.org.br\/portal\/wp-json\/wp\/v2\/posts\/34739"}],"collection":[{"href":"https:\/\/www.anamt.org.br\/portal\/wp-json\/wp\/v2\/posts"}],"about":[{"href":"https:\/\/www.anamt.org.br\/portal\/wp-json\/wp\/v2\/types\/post"}],"author":[{"embeddable":true,"href":"https:\/\/www.anamt.org.br\/portal\/wp-json\/wp\/v2\/users\/1"}],"replies":[{"embeddable":true,"href":"https:\/\/www.anamt.org.br\/portal\/wp-json\/wp\/v2\/comments?post=34739"}],"version-history":[{"count":0,"href":"https:\/\/www.anamt.org.br\/portal\/wp-json\/wp\/v2\/posts\/34739\/revisions"}],"wp:featuredmedia":[{"embeddable":true,"href":"https:\/\/www.anamt.org.br\/portal\/wp-json\/wp\/v2\/media\/34687"}],"wp:attachment":[{"href":"https:\/\/www.anamt.org.br\/portal\/wp-json\/wp\/v2\/media?parent=34739"}],"wp:term":[{"taxonomy":"category","embeddable":true,"href":"https:\/\/www.anamt.org.br\/portal\/wp-json\/wp\/v2\/categories?post=34739"},{"taxonomy":"post_tag","embeddable":true,"href":"https:\/\/www.anamt.org.br\/portal\/wp-json\/wp\/v2\/tags?post=34739"}],"curies":[{"name":"wp","href":"https:\/\/api.w.org\/{rel}","templated":true}]}}