{"id":34703,"date":"2018-08-11T16:10:05","date_gmt":"2018-08-11T19:10:05","guid":{"rendered":"https:\/\/www.anamt.org.br\/portal\/?p=34703"},"modified":"2018-08-11T17:27:24","modified_gmt":"2018-08-11T20:27:24","slug":"seminario-centro-oeste-acoes-regionais-foram-destaque-do-ultimo-dia","status":"publish","type":"post","link":"https:\/\/www.anamt.org.br\/portal\/2018\/08\/11\/seminario-centro-oeste-acoes-regionais-foram-destaque-do-ultimo-dia\/","title":{"rendered":"Semin\u00e1rio Centro-Oeste: a\u00e7\u00f5es regionais foram destaque do \u00faltimo dia"},"content":{"rendered":"<p>Os n\u00fameros apresentados no \u00faltimo dia do Semin\u00e1rio Centro-Oeste da ANAMT, realizado na Associa\u00e7\u00e3o M\u00e9dica de Mato Grosso do Sul, em Campo Grande (MS), mostraram um cen\u00e1rio alarmante para os M\u00e9dicos do Trabalho. Como apresentado pela presidente da entidade, Dra. Marcia Bandini, entre os anos de 2015 e 2016 a regi\u00e3o notificou 527 mortes de trabalhadores. \u201cOs dados s\u00e3o indicadores de que a situa\u00e7\u00e3o n\u00e3o \u00e9 positiva. Por tr\u00e1s de cada n\u00famero h\u00e1 uma pessoa, uma fam\u00edlia\u201d, salientou.<\/p>\n<p>Ela refor\u00e7a que os profissionais devem respeitar as normas internacionais estabelecidas para minimizar a situa\u00e7\u00e3o atual que custa quase R$ 300 milh\u00f5es acumulados da Previd\u00eancia. \u201cPor isso a import\u00e2ncia da ANAMT de promover semin\u00e1rios como este. Precisamos defender o trabalho digno\u201d.<\/p>\n<p>Com um desequil\u00edbrio de for\u00e7as dentro da contrata\u00e7\u00e3o, in\u00fameras a\u00e7\u00f5es trabalhistas pelo n\u00e3o pagamento de verbas rescis\u00f3rias, \u00a0uso do adicional de insalubridade como penduricalho e outros pontos discutidos durante o evento, a presidente da AMANT orientou aos colegas m\u00e9dicos que tomem decis\u00f5es mais justas.<\/p>\n<p>\u201cO que nos cabe \u00e9 sermos m\u00e9dicos e o que espero de voc\u00eas \u00e9 que advoguem pela nossa causa. \u00c9 preciso transformar o trabalho junto com todos os envolvidos\u201d. A presidente deixou ainda a sugest\u00e3o do livro <em>Justi\u00e7a &#8211; O que \u00e9 fazer a coisa certa?<\/em>, do autor Michael J. Sandel para a plateia.<\/p>\n<p>Para celebrar a realiza\u00e7\u00e3o do evento, o presidente da Associa\u00e7\u00e3o dos M\u00e9dicos do Trabalho de Mato Grosso do Sul (ASMET), Dr. Amaury do Lago Prieto, e integrantes da diretoria receberam das m\u00e3os da presidente Marcia Bandini e de presidentes de gest\u00f5es anteriores o primeiro certificado do projeto <em>Federada Legal<\/em>.<\/p>\n<h3>Regi\u00e3o Centro-Oeste em foco<\/h3>\n<p>Os assuntos debatidos no \u00faltimo dia de Semin\u00e1rio giraram em torno de a\u00e7\u00f5es regionais, tendo como mote o tema do pr\u00f3prio encontro: \u201cpromo\u00e7\u00e3o do trabalho digno, seguro e saud\u00e1vel na regi\u00e3o Centro-Oeste\u201d.<\/p>\n<p>Na palestra \u201cAvalia\u00e7\u00e3o Ergon\u00f4mica nas atividades agroindustriais: indica\u00e7\u00f5es, tipos de estudos, an\u00e1lise de resultados e interven\u00e7\u00f5es\u201d, o Dr. Carlos Campos apresentou diversos estudos de caso demonstrando, de maneira t\u00e9cnica e cient\u00edfica, como \u00e9 poss\u00edvel melhorar as condi\u00e7\u00f5es de trabalho em cada \u00e1rea deste setor econ\u00f4mico.<\/p>\n<p>Para ele, o primeiro passo \u00e9 se envolver diretamente com o trabalhador. \u201cVoc\u00ea precisa ter um contato social com esse trabalhador para ele entender que voc\u00ea est\u00e1 ao lado dele\u201d, explicou. Dentre as amostras estavam avalia\u00e7\u00f5es realizadas com cortadores de cana-de-a\u00e7\u00facar, trabalhadores de frigor\u00edficos e c\u00e2maras frias.<\/p>\n<p>J\u00e1 o professor doutor da Universidade Federal de Mato Grosso (UFMT), Luis Henrique da Costa Le\u00e3o, abordou a exposi\u00e7\u00e3o a agrot\u00f3xicos no agroneg\u00f3cio e efeitos sobre a sa\u00fade dos trabalhadores. O especialista apontou que a exposi\u00e7\u00e3o aos agrot\u00f3xicos agr\u00edcolas se d\u00e1 em todos os elos da cadeia produtiva. \u201cO cerrado est\u00e1 sendo o principal alvo disso. Estudos comprovam que n\u00e3o existe uso seguro dos agrot\u00f3xicos. Por isso o desafio \u00e9 criar pol\u00edticas nacionais de redu\u00e7\u00e3o do uso deste produto e do reconhecimento e notifica\u00e7\u00e3o dos perigos dele\u201d.<\/p>\n<p><img decoding=\"async\" class=\"aligncenter wp-image-34704 size-full\" src=\"https:\/\/www.anamt.org.br\/portal\/wp-content\/uploads\/2018\/08\/seminario_centro_oeste_segundo_dia.jpg\" alt=\"\" width=\"650\" height=\"487\" srcset=\"https:\/\/www.anamt.org.br\/portal\/wp-content\/uploads\/2018\/08\/seminario_centro_oeste_segundo_dia-200x150.jpg 200w, https:\/\/www.anamt.org.br\/portal\/wp-content\/uploads\/2018\/08\/seminario_centro_oeste_segundo_dia-300x225.jpg 300w, https:\/\/www.anamt.org.br\/portal\/wp-content\/uploads\/2018\/08\/seminario_centro_oeste_segundo_dia-400x300.jpg 400w, https:\/\/www.anamt.org.br\/portal\/wp-content\/uploads\/2018\/08\/seminario_centro_oeste_segundo_dia-600x450.jpg 600w, https:\/\/www.anamt.org.br\/portal\/wp-content\/uploads\/2018\/08\/seminario_centro_oeste_segundo_dia.jpg 650w\" sizes=\"(max-width: 650px) 100vw, 650px\" \/><\/p>\n","protected":false},"excerpt":{"rendered":"<p>Os n\u00fameros apresentados no \u00faltimo dia do Semin\u00e1rio Centro-Oeste da ANAMT, realizado na Associa\u00e7\u00e3o M\u00e9dica de Mato Grosso do Sul, em Campo Grande (MS), mostraram um cen\u00e1rio alarmante para os M\u00e9dicos do Trabalho. Como apresentado pela presidente da entidade, Dra. Marcia Bandini, entre os anos de 2015 e 2016 a regi\u00e3o notificou 527 mortes de [&hellip;]<\/p>\n","protected":false},"author":1,"featured_media":34705,"comment_status":"closed","ping_status":"closed","sticky":false,"template":"","format":"standard","meta":{"footnotes":""},"categories":[78],"tags":[],"_links":{"self":[{"href":"https:\/\/www.anamt.org.br\/portal\/wp-json\/wp\/v2\/posts\/34703"}],"collection":[{"href":"https:\/\/www.anamt.org.br\/portal\/wp-json\/wp\/v2\/posts"}],"about":[{"href":"https:\/\/www.anamt.org.br\/portal\/wp-json\/wp\/v2\/types\/post"}],"author":[{"embeddable":true,"href":"https:\/\/www.anamt.org.br\/portal\/wp-json\/wp\/v2\/users\/1"}],"replies":[{"embeddable":true,"href":"https:\/\/www.anamt.org.br\/portal\/wp-json\/wp\/v2\/comments?post=34703"}],"version-history":[{"count":0,"href":"https:\/\/www.anamt.org.br\/portal\/wp-json\/wp\/v2\/posts\/34703\/revisions"}],"wp:featuredmedia":[{"embeddable":true,"href":"https:\/\/www.anamt.org.br\/portal\/wp-json\/wp\/v2\/media\/34705"}],"wp:attachment":[{"href":"https:\/\/www.anamt.org.br\/portal\/wp-json\/wp\/v2\/media?parent=34703"}],"wp:term":[{"taxonomy":"category","embeddable":true,"href":"https:\/\/www.anamt.org.br\/portal\/wp-json\/wp\/v2\/categories?post=34703"},{"taxonomy":"post_tag","embeddable":true,"href":"https:\/\/www.anamt.org.br\/portal\/wp-json\/wp\/v2\/tags?post=34703"}],"curies":[{"name":"wp","href":"https:\/\/api.w.org\/{rel}","templated":true}]}}