{"id":34695,"date":"2018-08-10T20:22:22","date_gmt":"2018-08-10T23:22:22","guid":{"rendered":"https:\/\/www.anamt.org.br\/portal\/?p=34695"},"modified":"2018-08-10T20:30:23","modified_gmt":"2018-08-10T23:30:23","slug":"seminario-centro-oeste-o-equilibrio-para-um-trabalho-mais-seguro-e-saudavel","status":"publish","type":"post","link":"https:\/\/www.anamt.org.br\/portal\/2018\/08\/10\/seminario-centro-oeste-o-equilibrio-para-um-trabalho-mais-seguro-e-saudavel\/","title":{"rendered":"Semin\u00e1rio Centro-Oeste: o equil\u00edbrio para um trabalho mais seguro e saud\u00e1vel"},"content":{"rendered":"<p>Diversos temas importantes foram debatidos neste primeiro dia do Semin\u00e1rio Centro-Oeste da ANAMT, realizado na Associa\u00e7\u00e3o M\u00e9dica de Mato Grosso do Sul, em Campo Grande. Durante toda a programa\u00e7\u00e3o desta sexta-feira (10), profissionais renomados em suas \u00e1reas abordaram assuntos relacionados a nova lei trabalhista, pontos t\u00e9cnicos, \u00e9ticos e legais da per\u00edcia m\u00e9dica, Previd\u00eancia Social, al\u00e9m de novas tecnologias voltadas para a Medicina do Trabalho.<\/p>\n<p>Para a presidente da ANAMT, M\u00e1rcia Bandini, as confer\u00eancias foram uma oportunidade de mostrar o qu\u00e3o longe o Brasil est\u00e1 longe de mudar na \u00e1rea trabalhista e como \u00e9 dif\u00edcil promover essas mudan\u00e7as. \u201cA ANAMT vem buscar esse ponto de equil\u00edbrio do trabalho mais segura e saud\u00e1vel para todos, sem preju\u00edzo a nenhuma das partes\u201d, pontuou.<\/p>\n<p>Sobre a edi\u00e7\u00e3o no Centro-Oeste, ela destaca a import\u00e2ncia da regi\u00e3o para a economia do pa\u00eds. \u201cIndustrialmente o cen\u00e1rio daqui est\u00e1 mudando, ganhando mais for\u00e7a com o agroneg\u00f3cio se modificando. Isso resolve os problemas e traz desafios de estar aqui e poder contribuir com os avan\u00e7os\u201d, concluiu.<\/p>\n<p>Melhorias como a gest\u00e3o da sa\u00fade do trabalhador foi apontada pelo conferencista Fernando Akio Mariya. \u201cHoje o m\u00e9dico do trabalho tem que saber o que fazer para resolver o problema de sa\u00fade dos trabalhadores de uma determina \u00e1rea. Antes as t\u00e9cnicas eram mais cartoriais. Agora falamos no que de pr\u00e1tico podemos impactar positivamente na sa\u00fade dos empregados\u201d.<\/p>\n<p>O especialista afirma que as empresas est\u00e3o \u00e0 procura dos m\u00e9dicos do trabalho que n\u00e3o sigam somente a legisla\u00e7\u00e3o. \u201cPrecisamos fazer a mudan\u00e7a de chave. Nos atualizar e modernizar. Isso j\u00e1 tinha que ter come\u00e7ado com o eSocial. Os empregadores v\u00e3o procurar maior produtividade dos seus funcion\u00e1rios com mais sa\u00fade\u201d.<\/p>\n<p>Outro ponto bastante destacado entre os palestrantes foi a import\u00e2ncia da humaniza\u00e7\u00e3o do atendimento. \u201cPrecisamos antes de tudo saber com que n\u00f3s estamos nos relacionando. Ter mais tempos para atender as pessoas. Olhar nos seus olhos e fazer uma medicina mais digna\u201d, concluiu a doutora Rosa Am\u00e9lia Dantas. As atividades encerraram no in\u00edcio da noite, ap\u00f3s muita troca de experi\u00eancias, d\u00favidas e conhecimento.<\/p>\n<p><img decoding=\"async\" class=\"size-full wp-image-34696 aligncenter\" src=\"https:\/\/www.anamt.org.br\/portal\/wp-content\/uploads\/2018\/08\/seminario_centro_oeste_abertura.jpg\" alt=\"\" width=\"650\" height=\"519\" srcset=\"https:\/\/www.anamt.org.br\/portal\/wp-content\/uploads\/2018\/08\/seminario_centro_oeste_abertura-177x142.jpg 177w, https:\/\/www.anamt.org.br\/portal\/wp-content\/uploads\/2018\/08\/seminario_centro_oeste_abertura-200x160.jpg 200w, https:\/\/www.anamt.org.br\/portal\/wp-content\/uploads\/2018\/08\/seminario_centro_oeste_abertura-300x240.jpg 300w, https:\/\/www.anamt.org.br\/portal\/wp-content\/uploads\/2018\/08\/seminario_centro_oeste_abertura-400x319.jpg 400w, https:\/\/www.anamt.org.br\/portal\/wp-content\/uploads\/2018\/08\/seminario_centro_oeste_abertura-600x479.jpg 600w, https:\/\/www.anamt.org.br\/portal\/wp-content\/uploads\/2018\/08\/seminario_centro_oeste_abertura.jpg 650w\" sizes=\"(max-width: 650px) 100vw, 650px\" \/><\/p>\n","protected":false},"excerpt":{"rendered":"<p>Diversos temas importantes foram debatidos neste primeiro dia do Semin\u00e1rio Centro-Oeste da ANAMT, realizado na Associa\u00e7\u00e3o M\u00e9dica de Mato Grosso do Sul, em Campo Grande. Durante toda a programa\u00e7\u00e3o desta sexta-feira (10), profissionais renomados em suas \u00e1reas abordaram assuntos relacionados a nova lei trabalhista, pontos t\u00e9cnicos, \u00e9ticos e legais da per\u00edcia m\u00e9dica, Previd\u00eancia Social, al\u00e9m [&hellip;]<\/p>\n","protected":false},"author":1,"featured_media":34697,"comment_status":"closed","ping_status":"closed","sticky":false,"template":"","format":"standard","meta":{"footnotes":""},"categories":[78],"tags":[],"_links":{"self":[{"href":"https:\/\/www.anamt.org.br\/portal\/wp-json\/wp\/v2\/posts\/34695"}],"collection":[{"href":"https:\/\/www.anamt.org.br\/portal\/wp-json\/wp\/v2\/posts"}],"about":[{"href":"https:\/\/www.anamt.org.br\/portal\/wp-json\/wp\/v2\/types\/post"}],"author":[{"embeddable":true,"href":"https:\/\/www.anamt.org.br\/portal\/wp-json\/wp\/v2\/users\/1"}],"replies":[{"embeddable":true,"href":"https:\/\/www.anamt.org.br\/portal\/wp-json\/wp\/v2\/comments?post=34695"}],"version-history":[{"count":0,"href":"https:\/\/www.anamt.org.br\/portal\/wp-json\/wp\/v2\/posts\/34695\/revisions"}],"wp:featuredmedia":[{"embeddable":true,"href":"https:\/\/www.anamt.org.br\/portal\/wp-json\/wp\/v2\/media\/34697"}],"wp:attachment":[{"href":"https:\/\/www.anamt.org.br\/portal\/wp-json\/wp\/v2\/media?parent=34695"}],"wp:term":[{"taxonomy":"category","embeddable":true,"href":"https:\/\/www.anamt.org.br\/portal\/wp-json\/wp\/v2\/categories?post=34695"},{"taxonomy":"post_tag","embeddable":true,"href":"https:\/\/www.anamt.org.br\/portal\/wp-json\/wp\/v2\/tags?post=34695"}],"curies":[{"name":"wp","href":"https:\/\/api.w.org\/{rel}","templated":true}]}}