{"id":34688,"date":"2018-08-10T11:04:04","date_gmt":"2018-08-10T14:04:04","guid":{"rendered":"https:\/\/www.anamt.org.br\/portal\/?p=34688"},"modified":"2018-08-10T11:04:04","modified_gmt":"2018-08-10T14:04:04","slug":"centro-de-inovacao-do-sesi-mostra-programa-em-evento-de-medicina-do-trabalho","status":"publish","type":"post","link":"https:\/\/www.anamt.org.br\/portal\/2018\/08\/10\/centro-de-inovacao-do-sesi-mostra-programa-em-evento-de-medicina-do-trabalho\/","title":{"rendered":"Centro de Inova\u00e7\u00e3o do Sesi mostra programa em evento de Medicina do Trabalho"},"content":{"rendered":"<div class=\"row  offset-top2 noticia-interna\">\n<div class=\"col-xs-12\">\n<div class=\"col-xs-12 col-sm-6 col-md-6  col-lg-6 noticia-player-box\">\n<div id=\"player\"><img decoding=\"async\" class=\"size-medium wp-image-34689 alignleft\" src=\"https:\/\/www.anamt.org.br\/portal\/wp-content\/uploads\/2018\/08\/seminario_centro_oeste_balanca_multifuncional-300x200.jpg\" alt=\"\" width=\"300\" height=\"200\" srcset=\"https:\/\/www.anamt.org.br\/portal\/wp-content\/uploads\/2018\/08\/seminario_centro_oeste_balanca_multifuncional-200x133.jpg 200w, https:\/\/www.anamt.org.br\/portal\/wp-content\/uploads\/2018\/08\/seminario_centro_oeste_balanca_multifuncional-300x200.jpg 300w, https:\/\/www.anamt.org.br\/portal\/wp-content\/uploads\/2018\/08\/seminario_centro_oeste_balanca_multifuncional-400x267.jpg 400w, https:\/\/www.anamt.org.br\/portal\/wp-content\/uploads\/2018\/08\/seminario_centro_oeste_balanca_multifuncional.jpg 570w\" sizes=\"(max-width: 300px) 100vw, 300px\" \/><\/div>\n<\/div>\n<p>J\u00e1 imaginou uma balan\u00e7a multifuncional, que por meio de um software integrado, consiga tra\u00e7ar um perfil sobre a sua sa\u00fade, informando a press\u00e3o arterial, peso, altura e o \u00edndice de massa corp\u00f3rea? Ela existe e faz parte do Programa Sa\u00fade em Forma, desenvolvido pelo Centro de Inova\u00e7\u00e3o do Sesi de Mato Grosso do Sul \u2013 Sistemas de Gest\u00e3o em Sa\u00fade e Seguran\u00e7a do Trabalho e que est\u00e1 sendo apresentado no Semin\u00e1rio Centro-Oeste da ANAMT (Associa\u00e7\u00e3o Nacional de Medicina do Trabalho), que come\u00e7ou nesta quinta-feira (09\/08) e prossegue at\u00e9 s\u00e1bado (11\/08), em Campo Grande (MS).<\/p>\n<p>Segundo o engenheiro de computa\u00e7\u00e3o do Centro de Inova\u00e7\u00e3o do Sesi, Whesley Duarte, o Programa Sa\u00fade em Forma tem como objetivo tra\u00e7ar um perfil sobre a sa\u00fade do trabalhador e, desta forma, a ind\u00fastria atue com uma abordagem muito mais exata das a\u00e7\u00f5es necess\u00e1rias a serem implementadas na empresa. \u201cAl\u00e9m das informa\u00e7\u00f5es obtidas por meio da balan\u00e7a, o programa conta com um question\u00e1rio com 47 perguntas sobre sa\u00fade, h\u00e1bitos de vida e hist\u00f3rico familiar. Essas informa\u00e7\u00f5es s\u00e3o cruzadas e, a partir da\u00ed, podemos propor a\u00e7\u00f5es que melhorem a sa\u00fade e a qualidade de vida dos trabalhadores\u201d, explicou.<\/p>\n<h3>Projeto-piloto<\/h3>\n<p>Ele acrescentou que, al\u00e9m do espa\u00e7o com a balan\u00e7a multifuncional e com um totem em que \u00e9 poss\u00edvel responder ao question\u00e1rio, o Centro de Inova\u00e7\u00e3o do Sesi tamb\u00e9m exp\u00f5e o artigo \u201cPropostas de Triagem de Sa\u00fade para Doen\u00e7as Cr\u00f4nicas n\u00e3o Transmiss\u00edveis\u201d. \u201c\u00c9 um artigo escrito com base nos resultados obtidos a partir do projeto piloto do Sa\u00fade em Forma realizado com os colaboradores do Sistema Fiems em Campo Grande\u201d, completou.<\/p>\n<p>Na avalia\u00e7\u00e3o do presidente da Associa\u00e7\u00e3o dos M\u00e9dicos de Trabalho, Amaury do Lago Prieto, a presen\u00e7a do Centro de Inova\u00e7\u00e3o do Sesi \u00e9 muito importante para enriquecer o evento, que discute sa\u00fade e seguran\u00e7a no trabalho. \u201c\u00c9 uma honra para Mato Grosso do Sul sediar o Semin\u00e1rio da Anamt, que \u00e9 realizado anualmente, e ter a presen\u00e7a do Sesi, que com o Centro de Inova\u00e7\u00e3o, tem desenvolvido uma s\u00e9rie de produtos inovadores que v\u00e3o contribuir n\u00e3o s\u00f3 para a medicina do trabalho, como para sociedade de modo geral\u201d, afirmou.<\/p>\n<h3>Reforma Trabalhista<\/h3>\n<p>Ainda como parte da programa\u00e7\u00e3o do Semin\u00e1rio da ANAMT, o presidente da Fiems, S\u00e9rgio Longen, ir\u00e1 apresentar, nesta sexta-feira (10\/08), \u00e0s 8h30, uma palestra sobre os avan\u00e7os obtidos no setor empresarial com a Reforma Trabalhista. Na oportunidade, ele vai detalhar quais os reflexos da nova legisla\u00e7\u00e3o junto ao setor industrial e quais as mudan\u00e7as j\u00e1 constatadas no primeiro ano de implanta\u00e7\u00e3o da nova CLT (Consolida\u00e7\u00e3o das Leis Trabalhistas).<\/p>\n<p>Fundada em 1968, a Associa\u00e7\u00e3o Nacional de Medicina do Trabalho (ANAMT) \u00e9 uma sociedade civil sem fins lucrativos de car\u00e1ter cient\u00edfico e profissional. A entidade \u00e9 a maior associa\u00e7\u00e3o de M\u00e9dicos do Trabalho da Am\u00e9rica Latina que congrega e coordena a atua\u00e7\u00e3o conjunta de profissionais voltados \u00e0 promo\u00e7\u00e3o da sa\u00fade dos trabalhadores.<\/p>\n<p><em>(Fonte: A Cr\u00edtica)<\/em><\/p>\n<\/div>\n<\/div>\n","protected":false},"excerpt":{"rendered":"<p>J\u00e1 imaginou uma balan\u00e7a multifuncional, que por meio de um software integrado, consiga tra\u00e7ar um perfil sobre a sua sa\u00fade, informando a press\u00e3o arterial, peso, altura e o \u00edndice de massa corp\u00f3rea? Ela existe e faz parte do Programa Sa\u00fade em Forma, desenvolvido pelo Centro de Inova\u00e7\u00e3o do Sesi de Mato Grosso do Sul \u2013 [&hellip;]<\/p>\n","protected":false},"author":1,"featured_media":34690,"comment_status":"closed","ping_status":"closed","sticky":false,"template":"","format":"standard","meta":{"footnotes":""},"categories":[78],"tags":[],"_links":{"self":[{"href":"https:\/\/www.anamt.org.br\/portal\/wp-json\/wp\/v2\/posts\/34688"}],"collection":[{"href":"https:\/\/www.anamt.org.br\/portal\/wp-json\/wp\/v2\/posts"}],"about":[{"href":"https:\/\/www.anamt.org.br\/portal\/wp-json\/wp\/v2\/types\/post"}],"author":[{"embeddable":true,"href":"https:\/\/www.anamt.org.br\/portal\/wp-json\/wp\/v2\/users\/1"}],"replies":[{"embeddable":true,"href":"https:\/\/www.anamt.org.br\/portal\/wp-json\/wp\/v2\/comments?post=34688"}],"version-history":[{"count":0,"href":"https:\/\/www.anamt.org.br\/portal\/wp-json\/wp\/v2\/posts\/34688\/revisions"}],"wp:featuredmedia":[{"embeddable":true,"href":"https:\/\/www.anamt.org.br\/portal\/wp-json\/wp\/v2\/media\/34690"}],"wp:attachment":[{"href":"https:\/\/www.anamt.org.br\/portal\/wp-json\/wp\/v2\/media?parent=34688"}],"wp:term":[{"taxonomy":"category","embeddable":true,"href":"https:\/\/www.anamt.org.br\/portal\/wp-json\/wp\/v2\/categories?post=34688"},{"taxonomy":"post_tag","embeddable":true,"href":"https:\/\/www.anamt.org.br\/portal\/wp-json\/wp\/v2\/tags?post=34688"}],"curies":[{"name":"wp","href":"https:\/\/api.w.org\/{rel}","templated":true}]}}