{"id":34685,"date":"2018-08-10T11:01:05","date_gmt":"2018-08-10T14:01:05","guid":{"rendered":"https:\/\/www.anamt.org.br\/portal\/?p=34685"},"modified":"2018-08-10T11:10:52","modified_gmt":"2018-08-10T14:10:52","slug":"especialistas-se-reunem-em-campo-grande-para-debater-medicina-do-trabalho","status":"publish","type":"post","link":"https:\/\/www.anamt.org.br\/portal\/2018\/08\/10\/especialistas-se-reunem-em-campo-grande-para-debater-medicina-do-trabalho\/","title":{"rendered":"Especialistas se re\u00fanem em Campo Grande para debater Medicina do Trabalho"},"content":{"rendered":"<p>Temas mais atuais da Medicina do Trabalho est\u00e3o sendo debatidos no Semin\u00e1rio Centro-Oeste da ANAMT, a Associa\u00e7\u00e3o Nacional de Medicina do Trabalho. O evento est\u00e1 sendo realizado na Associa\u00e7\u00e3o M\u00e9dica de Mato Grosso do Sul e vai at\u00e9 s\u00e1bado, dia 11 de agosto.<\/p>\n<p>Em entrevista \u00e0 CBN Campo Grande, o presidente da Associa\u00e7\u00e3o dos M\u00e9dicos do Trabalho de Mato Grosso do Sul, Amaury do Lago Prieto destacou a import\u00e2ncia do evento que re\u00fane especialistas do Brasil e do mundo. Assista:<\/p>\n<div class=\"video-shortcode\"><iframe title=\"Entrevista CBN Campo Grande: Amaury do Lago Prieto\" width=\"1500\" height=\"844\" src=\"https:\/\/www.youtube.com\/embed\/Mp_MJODvfNU?feature=oembed\" frameborder=\"0\" allow=\"accelerometer; autoplay; clipboard-write; encrypted-media; gyroscope; picture-in-picture\" allowfullscreen><\/iframe><\/div>\n<p><em>(Fonte: CBN)<\/em><\/p>\n","protected":false},"excerpt":{"rendered":"<p>Temas mais atuais da Medicina do Trabalho est\u00e3o sendo debatidos no Semin\u00e1rio Centro-Oeste da ANAMT, a Associa\u00e7\u00e3o Nacional de Medicina do Trabalho. O evento est\u00e1 sendo realizado na Associa\u00e7\u00e3o M\u00e9dica de Mato Grosso do Sul e vai at\u00e9 s\u00e1bado, dia 11 de agosto. Em entrevista \u00e0 CBN Campo Grande, o presidente da Associa\u00e7\u00e3o dos M\u00e9dicos [&hellip;]<\/p>\n","protected":false},"author":1,"featured_media":34687,"comment_status":"closed","ping_status":"closed","sticky":false,"template":"","format":"standard","meta":{"footnotes":""},"categories":[78],"tags":[],"_links":{"self":[{"href":"https:\/\/www.anamt.org.br\/portal\/wp-json\/wp\/v2\/posts\/34685"}],"collection":[{"href":"https:\/\/www.anamt.org.br\/portal\/wp-json\/wp\/v2\/posts"}],"about":[{"href":"https:\/\/www.anamt.org.br\/portal\/wp-json\/wp\/v2\/types\/post"}],"author":[{"embeddable":true,"href":"https:\/\/www.anamt.org.br\/portal\/wp-json\/wp\/v2\/users\/1"}],"replies":[{"embeddable":true,"href":"https:\/\/www.anamt.org.br\/portal\/wp-json\/wp\/v2\/comments?post=34685"}],"version-history":[{"count":0,"href":"https:\/\/www.anamt.org.br\/portal\/wp-json\/wp\/v2\/posts\/34685\/revisions"}],"wp:featuredmedia":[{"embeddable":true,"href":"https:\/\/www.anamt.org.br\/portal\/wp-json\/wp\/v2\/media\/34687"}],"wp:attachment":[{"href":"https:\/\/www.anamt.org.br\/portal\/wp-json\/wp\/v2\/media?parent=34685"}],"wp:term":[{"taxonomy":"category","embeddable":true,"href":"https:\/\/www.anamt.org.br\/portal\/wp-json\/wp\/v2\/categories?post=34685"},{"taxonomy":"post_tag","embeddable":true,"href":"https:\/\/www.anamt.org.br\/portal\/wp-json\/wp\/v2\/tags?post=34685"}],"curies":[{"name":"wp","href":"https:\/\/api.w.org\/{rel}","templated":true}]}}