{"id":34682,"date":"2018-08-09T14:42:56","date_gmt":"2018-08-09T17:42:56","guid":{"rendered":"https:\/\/www.anamt.org.br\/portal\/?p=34682"},"modified":"2018-08-09T14:42:56","modified_gmt":"2018-08-09T17:42:56","slug":"terceirizacao-e-sst-inscricao-gratuita-em-seminario-para-associados-da-anamt","status":"publish","type":"post","link":"https:\/\/www.anamt.org.br\/portal\/2018\/08\/09\/terceirizacao-e-sst-inscricao-gratuita-em-seminario-para-associados-da-anamt\/","title":{"rendered":"Terceiriza\u00e7\u00e3o e SST: inscri\u00e7\u00e3o gratuita em semin\u00e1rio para associados da ANAMT"},"content":{"rendered":"<p>A Associa\u00e7\u00e3o Brasileira de Empresas de Sa\u00fade e Seguran\u00e7a no Trabalho (ABRESST) promove, no dia 24 de agosto, o semin\u00e1rio &#8220;As Perspectivas dos Profissionais da Sa\u00fade e Seguran\u00e7a do Trabalho sobre a Terceiriza\u00e7\u00e3o&#8221;. O evento ocorrer\u00e1 na sede da Fundacentro (Rua Capote Valente, 710, S\u00e3o Paulo &#8211; SP) de 8h \u00e0s 12h e associados da ANAMT t\u00eam direito a participa\u00e7\u00e3o gratuita.<\/p>\n<p>Confira a programa\u00e7\u00e3o abaixo e <a href=\"https:\/\/eventos.abresst.org.br\/as-perspectivas-dos-profissionais-da-saude-e-seguranca-do-trabalho-sobre-a-terceirizacao\">garanta a sua participa\u00e7\u00e3o<\/a>!<\/p>\n<p><a href=\"https:\/\/eventos.abresst.org.br\/as-perspectivas-dos-profissionais-da-saude-e-seguranca-do-trabalho-sobre-a-terceirizacao\"><img decoding=\"async\" class=\"alignnone wp-image-34683 size-full\" src=\"https:\/\/www.anamt.org.br\/portal\/wp-content\/uploads\/2018\/08\/abresst.jpeg\" alt=\"\" width=\"576\" height=\"1600\" srcset=\"https:\/\/www.anamt.org.br\/portal\/wp-content\/uploads\/2018\/08\/abresst-108x300.jpeg 108w, https:\/\/www.anamt.org.br\/portal\/wp-content\/uploads\/2018\/08\/abresst-200x556.jpeg 200w, https:\/\/www.anamt.org.br\/portal\/wp-content\/uploads\/2018\/08\/abresst-369x1024.jpeg 369w, https:\/\/www.anamt.org.br\/portal\/wp-content\/uploads\/2018\/08\/abresst-400x1111.jpeg 400w, https:\/\/www.anamt.org.br\/portal\/wp-content\/uploads\/2018\/08\/abresst.jpeg 576w\" sizes=\"(max-width: 576px) 100vw, 576px\" \/><\/a><\/p>\n","protected":false},"excerpt":{"rendered":"<p>A Associa\u00e7\u00e3o Brasileira de Empresas de Sa\u00fade e Seguran\u00e7a no Trabalho (ABRESST) promove, no dia 24 de agosto, o semin\u00e1rio &#8220;As Perspectivas dos Profissionais da Sa\u00fade e Seguran\u00e7a do Trabalho sobre a Terceiriza\u00e7\u00e3o&#8221;. O evento ocorrer\u00e1 na sede da Fundacentro (Rua Capote Valente, 710, S\u00e3o Paulo &#8211; SP) de 8h \u00e0s 12h e associados da [&hellip;]<\/p>\n","protected":false},"author":1,"featured_media":30653,"comment_status":"closed","ping_status":"closed","sticky":false,"template":"","format":"standard","meta":{"footnotes":""},"categories":[78],"tags":[],"_links":{"self":[{"href":"https:\/\/www.anamt.org.br\/portal\/wp-json\/wp\/v2\/posts\/34682"}],"collection":[{"href":"https:\/\/www.anamt.org.br\/portal\/wp-json\/wp\/v2\/posts"}],"about":[{"href":"https:\/\/www.anamt.org.br\/portal\/wp-json\/wp\/v2\/types\/post"}],"author":[{"embeddable":true,"href":"https:\/\/www.anamt.org.br\/portal\/wp-json\/wp\/v2\/users\/1"}],"replies":[{"embeddable":true,"href":"https:\/\/www.anamt.org.br\/portal\/wp-json\/wp\/v2\/comments?post=34682"}],"version-history":[{"count":0,"href":"https:\/\/www.anamt.org.br\/portal\/wp-json\/wp\/v2\/posts\/34682\/revisions"}],"wp:featuredmedia":[{"embeddable":true,"href":"https:\/\/www.anamt.org.br\/portal\/wp-json\/wp\/v2\/media\/30653"}],"wp:attachment":[{"href":"https:\/\/www.anamt.org.br\/portal\/wp-json\/wp\/v2\/media?parent=34682"}],"wp:term":[{"taxonomy":"category","embeddable":true,"href":"https:\/\/www.anamt.org.br\/portal\/wp-json\/wp\/v2\/categories?post=34682"},{"taxonomy":"post_tag","embeddable":true,"href":"https:\/\/www.anamt.org.br\/portal\/wp-json\/wp\/v2\/tags?post=34682"}],"curies":[{"name":"wp","href":"https:\/\/api.w.org\/{rel}","templated":true}]}}