{"id":34663,"date":"2018-08-06T12:58:14","date_gmt":"2018-08-06T15:58:14","guid":{"rendered":"https:\/\/www.anamt.org.br\/portal\/?p=34663"},"modified":"2018-08-06T12:58:14","modified_gmt":"2018-08-06T15:58:14","slug":"projeto-libera-fgts-para-trabalhador-com-parkinson-ou-alzheimer","status":"publish","type":"post","link":"https:\/\/www.anamt.org.br\/portal\/2018\/08\/06\/projeto-libera-fgts-para-trabalhador-com-parkinson-ou-alzheimer\/","title":{"rendered":"Projeto libera FGTS para trabalhador com Parkinson ou Alzheimer"},"content":{"rendered":"<p>Tramita no Senado o PLS 30\/2018, que altera a Lei 8.036\/1990 para permitir o saque do FGTS (Fundo de Garantia por Tempo de Servi\u00e7o) a pessoas com Alzheimer ou doen\u00e7a de Parkinson. O projeto aguarda relat\u00f3rio na CAS (Comiss\u00e3o de Assuntos Sociais).<\/p>\n<p>O artigo 20 da Lei 8.036\/1990 (que disp\u00f5e sobre o FGTS) enumera as situa\u00e7\u00f5es em que o fundo pode ser sacado. Na legisla\u00e7\u00e3o j\u00e1 constam situa\u00e7\u00f5es referentes \u00e0 sa\u00fade do trabalhador, como nos casos de c\u00e2ncer maligno, v\u00edrus do HIV, doen\u00e7a terminal, ou ainda de necessidade de \u00f3rtese ou pr\u00f3tese. O projeto de lei acrescenta a essas situa\u00e7\u00f5es o acometimento de Alzheimer ou Parkinson.<\/p>\n<p>Na justifica\u00e7\u00e3o, o autor, senador Paulo Paim (PT-RS), ressalta que as doen\u00e7as de Parkinson e de Alzheimer n\u00e3o t\u00eam cura. H\u00e1 formas de controle e de redu\u00e7\u00e3o do ritmo de avan\u00e7o dessas enfermidades degenerativas, mas, de um modo geral, s\u00e3o doen\u00e7as graves e que marcam a vida do trabalhador.<\/p>\n<p>\u2014 S\u00e3o exatamente essas caracter\u00edsticas das doen\u00e7as j\u00e1 reconhecidas pela lei que d\u00e3o causa ao direito de movimentar a conta vinculada do trabalhador, ou trabalhadora, no FGTS.<\/p>\n<p>O senador ainda explica que o direito ao FGTS foi concebido exatamente \u201ccomo uma garantia da dignidade humana do trabalhador ou da trabalhadora, bem como de suas fam\u00edlias\u201d.<\/p>\n<p>Como o PLS \u00e9 terminativo na CAS, caso aprovado, segue direto para a C\u00e2mara dos Deputados, a n\u00e3o ser que haja recurso para vota\u00e7\u00e3o no Plen\u00e1rio do Senado. Se sancionada, a lei entra em vigor na data de sua publica\u00e7\u00e3o no Di\u00e1rio Oficial da Uni\u00e3o.<\/p>\n<p><em>(Fonte: R7)<\/em><\/p>\n","protected":false},"excerpt":{"rendered":"<p>Tramita no Senado o PLS 30\/2018, que altera a Lei 8.036\/1990 para permitir o saque do FGTS (Fundo de Garantia por Tempo de Servi\u00e7o) a pessoas com Alzheimer ou doen\u00e7a de Parkinson. O projeto aguarda relat\u00f3rio na CAS (Comiss\u00e3o de Assuntos Sociais). O artigo 20 da Lei 8.036\/1990 (que disp\u00f5e sobre o FGTS) enumera as [&hellip;]<\/p>\n","protected":false},"author":1,"featured_media":34664,"comment_status":"closed","ping_status":"closed","sticky":false,"template":"","format":"standard","meta":{"footnotes":""},"categories":[79],"tags":[],"_links":{"self":[{"href":"https:\/\/www.anamt.org.br\/portal\/wp-json\/wp\/v2\/posts\/34663"}],"collection":[{"href":"https:\/\/www.anamt.org.br\/portal\/wp-json\/wp\/v2\/posts"}],"about":[{"href":"https:\/\/www.anamt.org.br\/portal\/wp-json\/wp\/v2\/types\/post"}],"author":[{"embeddable":true,"href":"https:\/\/www.anamt.org.br\/portal\/wp-json\/wp\/v2\/users\/1"}],"replies":[{"embeddable":true,"href":"https:\/\/www.anamt.org.br\/portal\/wp-json\/wp\/v2\/comments?post=34663"}],"version-history":[{"count":0,"href":"https:\/\/www.anamt.org.br\/portal\/wp-json\/wp\/v2\/posts\/34663\/revisions"}],"wp:featuredmedia":[{"embeddable":true,"href":"https:\/\/www.anamt.org.br\/portal\/wp-json\/wp\/v2\/media\/34664"}],"wp:attachment":[{"href":"https:\/\/www.anamt.org.br\/portal\/wp-json\/wp\/v2\/media?parent=34663"}],"wp:term":[{"taxonomy":"category","embeddable":true,"href":"https:\/\/www.anamt.org.br\/portal\/wp-json\/wp\/v2\/categories?post=34663"},{"taxonomy":"post_tag","embeddable":true,"href":"https:\/\/www.anamt.org.br\/portal\/wp-json\/wp\/v2\/tags?post=34663"}],"curies":[{"name":"wp","href":"https:\/\/api.w.org\/{rel}","templated":true}]}}