{"id":34660,"date":"2018-08-06T12:46:21","date_gmt":"2018-08-06T15:46:21","guid":{"rendered":"https:\/\/www.anamt.org.br\/portal\/?p=34660"},"modified":"2018-08-06T12:46:21","modified_gmt":"2018-08-06T15:46:21","slug":"mpt-anuncia-acordo-com-fabricas-para-reduzir-peso-do-saco-de-cimento","status":"publish","type":"post","link":"https:\/\/www.anamt.org.br\/portal\/2018\/08\/06\/mpt-anuncia-acordo-com-fabricas-para-reduzir-peso-do-saco-de-cimento\/","title":{"rendered":"MPT anuncia acordo com f\u00e1bricas para reduzir peso do saco de cimento"},"content":{"rendered":"<p>O Minist\u00e9rio P\u00fablico do Trabalho fechou um acordo, nesta segunda-feira (18\/6), com 33 empresas cimenteiras para reduzir o peso dos sacos comercializados nacionalmente de 50 para 25 quilos. As fabricantes precisam se adequar \u00e0 medida em dez anos, at\u00e9 31 de dezembro de 2028.<\/p>\n<p>As regras foram assinadas pelo procurador-geral do Trabalho, Ronaldo Fleury, e tamb\u00e9m pelos presidentes do Conselho Administrativo de Defesa Econ\u00f4mica (Cade), do Sindicato Nacional da Ind\u00fastria do Cimento (SNIC) e da Associa\u00e7\u00e3o Brasileira de Cimento Portland (ABCP).<\/p>\n<p>O termo de compromisso prev\u00ea a aplica\u00e7\u00e3o de multas di\u00e1rias de at\u00e9 R$ 10 mil para companhias que descumprirem o acordo. Embalagens com pesos diferentes s\u00f3 ser\u00e3o permitidas aos produtos com destino \u00e0 exporta\u00e7\u00e3o.<\/p>\n<p>Segundo o documento, o MPT e o Minist\u00e9rio do Trabalho ser\u00e3o os \u00f3rg\u00e3os respons\u00e1veis pela fiscaliza\u00e7\u00e3o. O argumento \u00e9 que a medida beneficiar\u00e1 trabalhadores, &#8220;com o objetivo de aproximar a ind\u00fastria brasileira das normas constitucionais e internacionais referentes \u00e0 prote\u00e7\u00e3o da sa\u00fade do trabalhador&#8221;.<\/p>\n<p>Em nenhum momento, no entanto, o documento se refere \u00e0s poss\u00edveis mudan\u00e7as nos pre\u00e7os do produto que podem afetar tanto o trabalhador quanto o consumidor final.<\/p>\n<p>&#8220;Dez anos \u00e9 um prazo razo\u00e1vel para que todos os setores desta ind\u00fastria possam se adequar. Isso ir\u00e1 evitar problemas da ordem competitiva entre as diversas empresas&#8221;, afirmou Alexandre Barreto, presidente do Cade sobre a redu\u00e7\u00e3o do peso do saco de cimento.<\/p>\n<p>Clique <a href=\"https:\/\/www.conjur.com.br\/dl\/mpt-assina-acordo-fabricas-reduzir-peso.pdf\" target=\"_blank\" rel=\"noopener\">aqui<\/a> para ler o acordo.<\/p>\n<p><em>(Fonte: Consultor Jur\u00eddico)<\/em><\/p>\n","protected":false},"excerpt":{"rendered":"<p>O Minist\u00e9rio P\u00fablico do Trabalho fechou um acordo, nesta segunda-feira (18\/6), com 33 empresas cimenteiras para reduzir o peso dos sacos comercializados nacionalmente de 50 para 25 quilos. As fabricantes precisam se adequar \u00e0 medida em dez anos, at\u00e9 31 de dezembro de 2028. As regras foram assinadas pelo procurador-geral do Trabalho, Ronaldo Fleury, e [&hellip;]<\/p>\n","protected":false},"author":1,"featured_media":34661,"comment_status":"closed","ping_status":"closed","sticky":false,"template":"","format":"standard","meta":{"footnotes":""},"categories":[79],"tags":[],"_links":{"self":[{"href":"https:\/\/www.anamt.org.br\/portal\/wp-json\/wp\/v2\/posts\/34660"}],"collection":[{"href":"https:\/\/www.anamt.org.br\/portal\/wp-json\/wp\/v2\/posts"}],"about":[{"href":"https:\/\/www.anamt.org.br\/portal\/wp-json\/wp\/v2\/types\/post"}],"author":[{"embeddable":true,"href":"https:\/\/www.anamt.org.br\/portal\/wp-json\/wp\/v2\/users\/1"}],"replies":[{"embeddable":true,"href":"https:\/\/www.anamt.org.br\/portal\/wp-json\/wp\/v2\/comments?post=34660"}],"version-history":[{"count":0,"href":"https:\/\/www.anamt.org.br\/portal\/wp-json\/wp\/v2\/posts\/34660\/revisions"}],"wp:featuredmedia":[{"embeddable":true,"href":"https:\/\/www.anamt.org.br\/portal\/wp-json\/wp\/v2\/media\/34661"}],"wp:attachment":[{"href":"https:\/\/www.anamt.org.br\/portal\/wp-json\/wp\/v2\/media?parent=34660"}],"wp:term":[{"taxonomy":"category","embeddable":true,"href":"https:\/\/www.anamt.org.br\/portal\/wp-json\/wp\/v2\/categories?post=34660"},{"taxonomy":"post_tag","embeddable":true,"href":"https:\/\/www.anamt.org.br\/portal\/wp-json\/wp\/v2\/tags?post=34660"}],"curies":[{"name":"wp","href":"https:\/\/api.w.org\/{rel}","templated":true}]}}