{"id":34203,"date":"2018-07-27T13:48:45","date_gmt":"2018-07-27T16:48:45","guid":{"rendered":"https:\/\/www.anamt.org.br\/portal\/?p=34203"},"modified":"2018-07-30T14:41:18","modified_gmt":"2018-07-30T17:41:18","slug":"reuniao-cientifica-30-de-julho-2018-2","status":"publish","type":"post","link":"https:\/\/www.anamt.org.br\/portal\/2018\/07\/27\/reuniao-cientifica-30-de-julho-2018-2\/","title":{"rendered":"Reuni\u00e3o Cient\u00edfica: participa\u00e7\u00e3o presencial no debate confere ponto na CNA"},"content":{"rendered":"<p>A Associa\u00e7\u00e3o Nacional de Medicina do Trabalho (ANAMT) realizar\u00e1 no dia 30 de julho uma reuni\u00e3o cient\u00edfica sobre o tema &#8220;Parceria ANAMT\/Harvard &#8211; Avaliando o Suporte Organizacional na Gest\u00e3o de Sa\u00fade Corporativa&#8221;. O debate ser\u00e1 guiado pelo Dr.\u00a0Alfredo Almeida Pina de Oliveira,\u00a0membro do Comiss\u00e3o T\u00e9cnica de Promo\u00e7\u00e3o da Sa\u00fade no Trabalho da ANAMT,\u00a0professor doutor do Programa de Mestrado e Doutorado da UNG, e\u00a0enfermeiro e educador em Sa\u00fade P\u00fablica no Centro de Promo\u00e7\u00e3o da Sa\u00fade e Preven\u00e7\u00e3o de Doen\u00e7as do Hospital das Cl\u00ednicas da FMUSP-SP.<\/p>\n<p>Ele substituir\u00e1 o Dr. Rodrigo Bornhausen Demarch, que n\u00e3o poder\u00e1 comparecer ao evento. A participa\u00e7\u00e3o presencial na atividade confere um ponto no selo na Comiss\u00e3o Nacional de Acredita\u00e7\u00e3o (CNA).<\/p>\n<p>Organizado pela ANAMT, o evento ocorrer\u00e1 \u00e0s 19h na sede da Associa\u00e7\u00e3o Paulista de Medicina (Av. Brigadeiro Lu\u00eds Ant\u00f4nio, 278 &#8211; Bela Vista &#8211; S\u00e3o Paulo) e ser\u00e1 transmitida pela internet. Os <a href=\"http:\/\/sistemasanamt.org.br\/anamt\/inscricoeseventos\/inscricoes\/cad_inscricao.aspx?proid=38\">s\u00f3cios adimplentes poder\u00e3o participar presencialmente ap\u00f3s inscri\u00e7\u00e3o neste link<\/a> ou <a href=\"http:\/\/sistemasanamt.org.br\/anamt\/inscricoeseventos\/inscricoes\/cad_inscricao.aspx?proid=39\">optar pela transmiss\u00e3o online restrita para associados aqui<\/a>.<\/p>\n<p>Residentes e p\u00f3s-graduandos de cursos de Medicina do Trabalho acreditados pela ANAMT tamb\u00e9m est\u00e3o isentos da taxa de inscri\u00e7\u00e3o para participa\u00e7\u00e3o presencial. Basta <a href=\"http:\/\/sistemasanamt.org.br\/anamt\/inscricoeseventos\/inscricoes\/cad_inscricao.aspx?proid=36\">realizar sua inscri\u00e7\u00e3o neste link<\/a> e anexar a carteirinha (crach\u00e1) do curso para an\u00e1lise.<\/p>\n<p>Para os n\u00e3o-s\u00f3cios, ser\u00e1 cobrado o investimento de R$ 50,00 para a participa\u00e7\u00e3o presencial. <a href=\"http:\/\/sistemasanamt.org.br\/anamt\/inscricoeseventos\/inscricoes\/cad_inscricao.aspx?proid=37\">Fa\u00e7a sua inscri\u00e7\u00e3o aqui.<\/a>\u00a0A transmiss\u00e3o poder\u00e1 ser acompanhada ao vivo <a href=\"https:\/\/www.anamt.org.br\/portal\/painel-do-associado\/conteudos-de-reunioes-cientificas\/\" target=\"_blank\" rel=\"noopener\">nessa p\u00e1gina<\/a> na \u00e1rea de conte\u00fado restrito do site da ANAMT.<\/p>\n","protected":false},"excerpt":{"rendered":"<p>A Associa\u00e7\u00e3o Nacional de Medicina do Trabalho (ANAMT) realizar\u00e1 no dia 30 de julho uma reuni\u00e3o cient\u00edfica sobre o tema &#8220;Parceria ANAMT\/Harvard &#8211; Avaliando o Suporte Organizacional na Gest\u00e3o de Sa\u00fade Corporativa&#8221;. O debate ser\u00e1 guiado pelo Dr.\u00a0Alfredo Almeida Pina de Oliveira,\u00a0membro do Comiss\u00e3o T\u00e9cnica de Promo\u00e7\u00e3o da Sa\u00fade no Trabalho da ANAMT,\u00a0professor doutor do [&hellip;]<\/p>\n","protected":false},"author":1,"featured_media":34237,"comment_status":"closed","ping_status":"closed","sticky":false,"template":"","format":"standard","meta":{"footnotes":""},"categories":[78],"tags":[],"_links":{"self":[{"href":"https:\/\/www.anamt.org.br\/portal\/wp-json\/wp\/v2\/posts\/34203"}],"collection":[{"href":"https:\/\/www.anamt.org.br\/portal\/wp-json\/wp\/v2\/posts"}],"about":[{"href":"https:\/\/www.anamt.org.br\/portal\/wp-json\/wp\/v2\/types\/post"}],"author":[{"embeddable":true,"href":"https:\/\/www.anamt.org.br\/portal\/wp-json\/wp\/v2\/users\/1"}],"replies":[{"embeddable":true,"href":"https:\/\/www.anamt.org.br\/portal\/wp-json\/wp\/v2\/comments?post=34203"}],"version-history":[{"count":0,"href":"https:\/\/www.anamt.org.br\/portal\/wp-json\/wp\/v2\/posts\/34203\/revisions"}],"wp:featuredmedia":[{"embeddable":true,"href":"https:\/\/www.anamt.org.br\/portal\/wp-json\/wp\/v2\/media\/34237"}],"wp:attachment":[{"href":"https:\/\/www.anamt.org.br\/portal\/wp-json\/wp\/v2\/media?parent=34203"}],"wp:term":[{"taxonomy":"category","embeddable":true,"href":"https:\/\/www.anamt.org.br\/portal\/wp-json\/wp\/v2\/categories?post=34203"},{"taxonomy":"post_tag","embeddable":true,"href":"https:\/\/www.anamt.org.br\/portal\/wp-json\/wp\/v2\/tags?post=34203"}],"curies":[{"name":"wp","href":"https:\/\/api.w.org\/{rel}","templated":true}]}}