{"id":34105,"date":"2018-07-12T19:12:03","date_gmt":"2018-07-12T22:12:03","guid":{"rendered":"https:\/\/www.anamt.org.br\/portal\/?p=34105"},"modified":"2018-08-23T08:57:06","modified_gmt":"2018-08-23T11:57:06","slug":"xxi-jornada-catarinense-de-saude-ocupacional","status":"publish","type":"post","link":"https:\/\/www.anamt.org.br\/portal\/2018\/07\/12\/xxi-jornada-catarinense-de-saude-ocupacional\/","title":{"rendered":"XXI Jornada Catarinense de Sa\u00fade Ocupacional"},"content":{"rendered":"<h5>Data<\/h5>\n<p>31\/08\/2018 a 1\u00ba\/09\/2018<\/p>\n<h5>Local<\/h5>\n<p>Joinville<\/p>\n<p><strong>Tema<\/strong><\/p>\n<p>Interface da Cl\u00ednica com a Medicina do Trabalho<\/p>\n<p>Mais informa\u00e7\u00f5es e inscri\u00e7\u00f5es, no<a href=\"http:\/\/www.acm.org.br\/acm\/acamt\/\" target=\"_blank\" rel=\"noopener\"> site da ACAMT<\/a>.<\/p>\n<p><img decoding=\"async\" class=\"size-full aligncenter\" src=\"https:\/\/www.anamt.org.br\/portal\/wp-content\/uploads\/2018\/05\/Flyer.jpg\" width=\"700\" height=\"1170\" \/><\/p>\n<p>&nbsp;<\/p>\n<p>&nbsp;<\/p>\n","protected":false},"excerpt":{"rendered":"<p>Data 31\/08\/2018 a 1\u00ba\/09\/2018 Local Joinville Tema Interface da Cl\u00ednica com a Medicina do Trabalho Mais informa\u00e7\u00f5es e inscri\u00e7\u00f5es, no site da ACAMT. &nbsp; &nbsp;<\/p>\n","protected":false},"author":1,"featured_media":0,"comment_status":"closed","ping_status":"closed","sticky":false,"template":"","format":"standard","meta":{"footnotes":""},"categories":[190],"tags":[],"_links":{"self":[{"href":"https:\/\/www.anamt.org.br\/portal\/wp-json\/wp\/v2\/posts\/34105"}],"collection":[{"href":"https:\/\/www.anamt.org.br\/portal\/wp-json\/wp\/v2\/posts"}],"about":[{"href":"https:\/\/www.anamt.org.br\/portal\/wp-json\/wp\/v2\/types\/post"}],"author":[{"embeddable":true,"href":"https:\/\/www.anamt.org.br\/portal\/wp-json\/wp\/v2\/users\/1"}],"replies":[{"embeddable":true,"href":"https:\/\/www.anamt.org.br\/portal\/wp-json\/wp\/v2\/comments?post=34105"}],"version-history":[{"count":0,"href":"https:\/\/www.anamt.org.br\/portal\/wp-json\/wp\/v2\/posts\/34105\/revisions"}],"wp:attachment":[{"href":"https:\/\/www.anamt.org.br\/portal\/wp-json\/wp\/v2\/media?parent=34105"}],"wp:term":[{"taxonomy":"category","embeddable":true,"href":"https:\/\/www.anamt.org.br\/portal\/wp-json\/wp\/v2\/categories?post=34105"},{"taxonomy":"post_tag","embeddable":true,"href":"https:\/\/www.anamt.org.br\/portal\/wp-json\/wp\/v2\/tags?post=34105"}],"curies":[{"name":"wp","href":"https:\/\/api.w.org\/{rel}","templated":true}]}}