{"id":33971,"date":"2018-07-16T10:05:37","date_gmt":"2018-07-16T13:05:37","guid":{"rendered":"https:\/\/www.anamt.org.br\/portal\/?p=33971"},"modified":"2018-07-18T12:41:53","modified_gmt":"2018-07-18T15:41:53","slug":"seminario-norte-nordeste-da-anamt-apresentacoes-estao-disponiveis","status":"publish","type":"post","link":"https:\/\/www.anamt.org.br\/portal\/2018\/07\/16\/seminario-norte-nordeste-da-anamt-apresentacoes-estao-disponiveis\/","title":{"rendered":"Semin\u00e1rio Norte-Nordeste da ANAMT: apresenta\u00e7\u00f5es e v\u00eddeos dispon\u00edveis"},"content":{"rendered":"<p>Os v\u00eddeos com as palestras e apresenta\u00e7\u00f5es do Semin\u00e1rio Norte-Nordeste da ANAMT, que foram liberadas para consulta pelos palestrantes, est\u00e3o dispon\u00edveis na \u00e1rea de conte\u00fado exclusivo do site da Associa\u00e7\u00e3o. Os arquivos podem ser acessados <a href=\"https:\/\/www.anamt.org.br\/portal\/painel-do-associado\/conteudos-de-eventos-simposios-e-seminarios\/\">neste link<\/a>. O evento ocorreu entre os dias 31 de maio e 2 de junho em Teresina (PI), e foi organizado pela Associa\u00e7\u00e3o Nacional de Medicina do Trabalho (ANAMT) juntamente com as federadas do Norte e Nordeste.<\/p>\n","protected":false},"excerpt":{"rendered":"<p>Os v\u00eddeos com as palestras e apresenta\u00e7\u00f5es do Semin\u00e1rio Norte-Nordeste da ANAMT, que foram liberadas para consulta pelos palestrantes, est\u00e3o dispon\u00edveis na \u00e1rea de conte\u00fado exclusivo do site da Associa\u00e7\u00e3o. Os arquivos podem ser acessados neste link. O evento ocorreu entre os dias 31 de maio e 2 de junho em Teresina (PI), e foi [&hellip;]<\/p>\n","protected":false},"author":1,"featured_media":33620,"comment_status":"closed","ping_status":"closed","sticky":false,"template":"","format":"standard","meta":{"footnotes":""},"categories":[78],"tags":[],"_links":{"self":[{"href":"https:\/\/www.anamt.org.br\/portal\/wp-json\/wp\/v2\/posts\/33971"}],"collection":[{"href":"https:\/\/www.anamt.org.br\/portal\/wp-json\/wp\/v2\/posts"}],"about":[{"href":"https:\/\/www.anamt.org.br\/portal\/wp-json\/wp\/v2\/types\/post"}],"author":[{"embeddable":true,"href":"https:\/\/www.anamt.org.br\/portal\/wp-json\/wp\/v2\/users\/1"}],"replies":[{"embeddable":true,"href":"https:\/\/www.anamt.org.br\/portal\/wp-json\/wp\/v2\/comments?post=33971"}],"version-history":[{"count":0,"href":"https:\/\/www.anamt.org.br\/portal\/wp-json\/wp\/v2\/posts\/33971\/revisions"}],"wp:featuredmedia":[{"embeddable":true,"href":"https:\/\/www.anamt.org.br\/portal\/wp-json\/wp\/v2\/media\/33620"}],"wp:attachment":[{"href":"https:\/\/www.anamt.org.br\/portal\/wp-json\/wp\/v2\/media?parent=33971"}],"wp:term":[{"taxonomy":"category","embeddable":true,"href":"https:\/\/www.anamt.org.br\/portal\/wp-json\/wp\/v2\/categories?post=33971"},{"taxonomy":"post_tag","embeddable":true,"href":"https:\/\/www.anamt.org.br\/portal\/wp-json\/wp\/v2\/tags?post=33971"}],"curies":[{"name":"wp","href":"https:\/\/api.w.org\/{rel}","templated":true}]}}