{"id":33783,"date":"2018-06-01T19:21:26","date_gmt":"2018-06-01T22:21:26","guid":{"rendered":"https:\/\/www.anamt.org.br\/portal\/?p=33783"},"modified":"2018-06-01T19:22:20","modified_gmt":"2018-06-01T22:22:20","slug":"saude-mental-pericia-medica-e-os-impactos-do-esocial-finalizam-o-primeiro-dia-do-seminario-norte-nordeste","status":"publish","type":"post","link":"https:\/\/www.anamt.org.br\/portal\/2018\/06\/01\/saude-mental-pericia-medica-e-os-impactos-do-esocial-finalizam-o-primeiro-dia-do-seminario-norte-nordeste\/","title":{"rendered":"Sa\u00fade mental, per\u00edcia e eSocial finalizam dia do Semin\u00e1rio Norte-Nordeste"},"content":{"rendered":"<p>A tarde do primeiro dia do Semin\u00e1rio Norte-Nordeste da ANAMT contou com um espa\u00e7o reservado \u00e0 apresenta\u00e7\u00e3o de trabalhos cient\u00edficos, uma oportunidade a novos e futuros profissionais da \u00e1rea para apresentarem estudos nas mais diversas tem\u00e1ticas, assim como as peculiaridades e controv\u00e9rsias da per\u00edcia m\u00e9dica, assistida pelos aspectos relacionados \u00e0 Previd\u00eancia Social, ao Judici\u00e1rio e \u00e0 Reforma Trabalhista. A aten\u00e7\u00e3o com os transtornos mentais no ambiente de trabalho e os impactos da implanta\u00e7\u00e3o do eSocial sobre as pr\u00e1ticas de sa\u00fade e seguran\u00e7a do trabalho encerraram a programa\u00e7\u00e3o do dia.<\/p>\n<p><a href=\"https:\/\/www.anamt.org.br\/portal\/2018\/06\/01\/ergonomia-e-reforma-trabalhista-marcam-a-abertura-do-i-seminario-norte-nordeste\/\" target=\"_blank\" rel=\"noopener noreferrer\">Leia tamb\u00e9m:\u00a0Ergonomia e reforma trabalhista marcam a abertura do Semin\u00e1rio Norte-Nordeste<\/a><\/p>\n<p><a href=\"https:\/\/www.anamt.org.br\/portal\/2018\/06\/01\/seminario-norte-nordeste-da-anamt-acompanhe-a-palestra-de-abertura-ao-vivo\/\" target=\"_blank\" rel=\"noopener noreferrer\">Semin\u00e1rio Norte-Nordeste da ANAMT: acompanhe as palestras do evento ao vivo<\/a><\/p>\n<p>Dr. Glauber Paiva, membro da comiss\u00e3o organizadora do evento e vice-presidente na regi\u00e3o Nordeste da ANAMT, falou da import\u00e2ncia de se levantar o tema no Piau\u00ed para fortalecer esse aspecto e posicionar o estado no pa\u00eds. \u201cVejo esse evento como uma abertura para que o Brasil veja o trabalho da medicina do trabalho no Piau\u00ed. Era preciso falar mais sobre isso. Gra\u00e7as ao esfor\u00e7o da ANAMT e APMT-PI, o evento est\u00e1 sendo um sucesso. Teresina foi contemplada a sediar o semin\u00e1rio no ano em que a ANAMT comemora 50 anos e a organiza\u00e7\u00e3o local correspondeu \u00e0 altura\u201d, comentou.<\/p>\n<p>Representando o Conselho Regional de Medicina do Piau\u00ed (CRM-PI), a presidente Dra. Mirian Parente falou sobre o Piau\u00ed representar bem e poder estar no circuito de discuss\u00f5es do tema a n\u00edvel nacional. \u201cQue este evento possa aumentar o n\u00famero de representantes na \u00e1rea, assim como estimular mais estudantes a participar e entrar na especialidade de medicina do trabalho. Hoje participei da avalia\u00e7\u00e3o dos trabalhos cient\u00edficos e vi que muitos foram feitos por estudantes. Isso me anima muito, pois sabemos que eles ser\u00e3o os futuros m\u00e9dicos do trabalho. A partir do momento que vemos alunos no in\u00edcio do curso de medicina interessados no tema, nos anima por saber que a sa\u00fade do trabalhador ser\u00e1 mais priorizada pelos futuros profissionais da medicina\u201d, destacou.<\/p>\n<p>Para falar sobre a per\u00edcia m\u00e9dica nos aspectos da Previd\u00eancia Social, Judici\u00e1rio e da Reforma Trabalhista, o evento contou com uma mesa redonda de debate, composta pelos m\u00e9dicos Dr. Raimundo Leal, que presidiu a mesa e os Drs. Jarbas Sima, Marcelo Penteado e Hugo Cabral Ten\u00f3rio como palestrantes.<\/p>\n<p>Dr. Jarbas Sima \u00e9 representante da Associa\u00e7\u00e3o Brasileira de Medicina Legal e Per\u00edcias M\u00e9dicas (ABMLPM) e destacou a import\u00e2ncia dos profissionais estarem atentos ao C\u00f3digo de \u00c9tica M\u00e9dica, uma resolu\u00e7\u00e3o do Conselho Federal de Medicina. \u201cEsta resolu\u00e7\u00e3o auxilia os m\u00e9dicos a saberem quem, onde, quando e como atua o papel de cada profissional, seja ele o m\u00e9dico do trabalho, m\u00e9dico perito ou o m\u00e9dico assistente. Faz com que os profissionais falem na mesma l\u00edngua, evitando conflitos ou at\u00e9 den\u00fancia de um contra os outros. A ANAMT est\u00e1 desempenhando bem o seu papel, dentro da sociedade m\u00e9dica do Brasil inteiro e em particular aqui do Piau\u00ed\u201d, comentou.<\/p>\n<p>Transtornos mentais<\/p>\n<p>A maior viol\u00eancia sofrida pelo trabalhador no ambiente de trabalho, \u00e9 a psicol\u00f3gica. Comportamentos repetitivos de isolamento, humilha\u00e7\u00f5es, constrangimentos, inten\u00e7\u00e3o de manipular ou excluir o indiv\u00edduo do meio social da empresa s\u00e3o sinais que configuram o ass\u00e9dio moral, por exemplo, e que pode acarretar em uma s\u00e9rie de transtornos mentais.<\/p>\n<p>Para tratar do assunto, o Psiquiatra e presidente do Sindicato dos M\u00e9dicos do Estado do Piau\u00ed (SIMEPI), Dr. Samuel Robson Moreira R\u00eago, disse que \u00e9 preciso ter um olhar diferenciado para os transtornos psiqui\u00e1tricos no ambiente de trabalho, exatamente para prevenir e saber como lidar com as pessoas que est\u00e3o doente. Ele comentou que \u201cos transtornos mentais relacionados ao trabalho t\u00eam impacto cada vez maior na sociedade, seja no ponto de vista econ\u00f4mico ou emocional. Isso se reflete na produtividade e qualidade de vida das pessoas\u201d.<\/p>\n<p>\u201cVem sendo observado que as demandas relacionadas \u00e0s imposi\u00e7\u00f5es do trabalho v\u00eam cada vez mais sobrecarregando os trabalhadores. Em contrapartida, n\u00e3o h\u00e1 uma \u2018v\u00e1lvula de escape\u2019 para esse aumento, o que gera press\u00e3o no indiv\u00edduo e que, muitas vezes, se transforma em verdadeiras doen\u00e7as, mentais ou somatizadas como doen\u00e7as f\u00edsicas, mas que no fundo s\u00e3o emocionais\u201d, completou o Dr. Samuel R\u00eago.<\/p>\n<p>Pelo lado do profissional, o m\u00e9dico do trabalho est\u00e1 presente naquele ambiente para tentar prevenir agravos, na tentativa de evitar que o trabalhador desenvolva esses transtornos. Sabendo das principais causas, o m\u00e9dico poder\u00e1 fazer interven\u00e7\u00f5es positivas e trazer al\u00edvio \u00e0s condi\u00e7\u00f5es que sobrecarregam o colaborador.<\/p>\n<p>eSocial<\/p>\n<p>O eSocial \u00e9 um projeto do Governo, que integra INSS, Previd\u00eancia Social, Caixa Econ\u00f4mica, Receita Federal e Minist\u00e9rio do Trabalho e Emprego na escritura\u00e7\u00e3o digital das obriga\u00e7\u00f5es fiscais previdenci\u00e1rias e trabalhistas. A partir de um cronograma, as empresas ter\u00e3o que comprovar digitalmente o cumprimento dessas obriga\u00e7\u00f5es. O projeto teve in\u00edcio no Sistema P\u00fablico de Escritura\u00e7\u00e3o Digital (SPED), em 2007, e acompanha a vida laboral dos trabalhadores nas empresas da admiss\u00e3o \u00e0 demiss\u00e3o, assim como f\u00e9rias, atestados de sa\u00fade, avalia\u00e7\u00f5es de sa\u00fade, faltas e outros.<\/p>\n<p>Dr. Gustavo Nicolai discorreu sobre eSocial, um dos temas mais atuais e debatidos na Medicina do Trabalho, e o impacto da sua implanta\u00e7\u00e3o nas pr\u00e1ticas de seguran\u00e7a e sa\u00fade do trabalho. Por meio desse sistema unificado, os empregadores comunicam ao Governo as informa\u00e7\u00f5es dos trabalhadores, como v\u00ednculos, contribui\u00e7\u00f5es previdenci\u00e1rias, folha de pagamento, comunica\u00e7\u00f5es de acidente de trabalho, aviso pr\u00e9vio, escritura\u00e7\u00f5es fiscais e informa\u00e7\u00f5es sobre o FGTS.<\/p>\n<p>\u201cA presta\u00e7\u00e3o de servi\u00e7o vai mudar em todos os setores, seja no setor de Recursos Humanos ou no setor de sa\u00fade. Seremos mais cobrados, por conta do aumento da demanda de trabalho e de informa\u00e7\u00f5es. A responsabilidade vai para o profissional ou da cl\u00ednica. A partir do momento que o sistema perceber que n\u00e3o foi comunicado algo sobre o trabalhador, como ele \u00e9 vinculado a um decreto que permite uma multa eletr\u00f4nica, e se for para a sa\u00fade, vai para o profissional ou cl\u00ednica prestadora de servi\u00e7o\u201d, comentou Gustavo Nicolai.<\/p>\n<p>O primeiro dia do Semin\u00e1rio Norte-Nordeste da ANAMT contou com assuntos relevantes ao exerc\u00edcio da Medicina do Trabalho no dia-a-dia. Para Pascoal Gomes da Costa Neto, presidente da Associa\u00e7\u00e3o Piauiense de Medicina do Trabalho (APMT-PI), frisa a import\u00e2ncia da participa\u00e7\u00e3o de todos os envolvidos no evento. \u201cA APMT-PI, junto com a ANAMT e as Federadas do Norte e Nordeste, mostraram e elevaram a import\u00e2ncia da Medicina do Trabalho em nossa regi\u00e3o. Fiquei lisonjeado com a presen\u00e7a e participa\u00e7\u00e3o intensa de todos os colegas, que deixaram todas as salas cheias, questionaram e engrandeceram este dia. Amanh\u00e3 teremos mais temas de grande import\u00e2ncia, com palestras e debates na presen\u00e7a de grandes nomes nacionais da \u00e1rea\u201d, concluiu.<\/p>\n","protected":false},"excerpt":{"rendered":"<p>A tarde do primeiro dia do Semin\u00e1rio Norte-Nordeste da ANAMT contou com um espa\u00e7o reservado \u00e0 apresenta\u00e7\u00e3o de trabalhos cient\u00edficos, uma oportunidade a novos e futuros profissionais da \u00e1rea para apresentarem estudos nas mais diversas tem\u00e1ticas, assim como as peculiaridades e controv\u00e9rsias da per\u00edcia m\u00e9dica, assistida pelos aspectos relacionados \u00e0 Previd\u00eancia Social, ao Judici\u00e1rio e [&hellip;]<\/p>\n","protected":false},"author":1,"featured_media":33784,"comment_status":"closed","ping_status":"closed","sticky":false,"template":"","format":"standard","meta":{"footnotes":""},"categories":[78],"tags":[],"_links":{"self":[{"href":"https:\/\/www.anamt.org.br\/portal\/wp-json\/wp\/v2\/posts\/33783"}],"collection":[{"href":"https:\/\/www.anamt.org.br\/portal\/wp-json\/wp\/v2\/posts"}],"about":[{"href":"https:\/\/www.anamt.org.br\/portal\/wp-json\/wp\/v2\/types\/post"}],"author":[{"embeddable":true,"href":"https:\/\/www.anamt.org.br\/portal\/wp-json\/wp\/v2\/users\/1"}],"replies":[{"embeddable":true,"href":"https:\/\/www.anamt.org.br\/portal\/wp-json\/wp\/v2\/comments?post=33783"}],"version-history":[{"count":0,"href":"https:\/\/www.anamt.org.br\/portal\/wp-json\/wp\/v2\/posts\/33783\/revisions"}],"wp:featuredmedia":[{"embeddable":true,"href":"https:\/\/www.anamt.org.br\/portal\/wp-json\/wp\/v2\/media\/33784"}],"wp:attachment":[{"href":"https:\/\/www.anamt.org.br\/portal\/wp-json\/wp\/v2\/media?parent=33783"}],"wp:term":[{"taxonomy":"category","embeddable":true,"href":"https:\/\/www.anamt.org.br\/portal\/wp-json\/wp\/v2\/categories?post=33783"},{"taxonomy":"post_tag","embeddable":true,"href":"https:\/\/www.anamt.org.br\/portal\/wp-json\/wp\/v2\/tags?post=33783"}],"curies":[{"name":"wp","href":"https:\/\/api.w.org\/{rel}","templated":true}]}}