{"id":33757,"date":"2018-06-01T14:21:31","date_gmt":"2018-06-01T17:21:31","guid":{"rendered":"https:\/\/www.anamt.org.br\/portal\/?p=33757"},"modified":"2018-06-01T14:44:47","modified_gmt":"2018-06-01T17:44:47","slug":"ergonomia-e-reforma-trabalhista-marcam-a-abertura-do-i-seminario-norte-nordeste","status":"publish","type":"post","link":"https:\/\/www.anamt.org.br\/portal\/2018\/06\/01\/ergonomia-e-reforma-trabalhista-marcam-a-abertura-do-i-seminario-norte-nordeste\/","title":{"rendered":"Ergonomia e reforma trabalhista marcam a abertura do Semin\u00e1rio Norte-Nordeste"},"content":{"rendered":"<p><img decoding=\"async\" class=\"alignnone size-full wp-image-33763\" src=\"https:\/\/www.anamt.org.br\/portal\/wp-content\/uploads\/2018\/06\/DSC0003.jpg\" alt=\"\" width=\"1000\" height=\"516\" srcset=\"https:\/\/www.anamt.org.br\/portal\/wp-content\/uploads\/2018\/06\/DSC0003-200x103.jpg 200w, https:\/\/www.anamt.org.br\/portal\/wp-content\/uploads\/2018\/06\/DSC0003-300x155.jpg 300w, https:\/\/www.anamt.org.br\/portal\/wp-content\/uploads\/2018\/06\/DSC0003-400x206.jpg 400w, https:\/\/www.anamt.org.br\/portal\/wp-content\/uploads\/2018\/06\/DSC0003-600x310.jpg 600w, https:\/\/www.anamt.org.br\/portal\/wp-content\/uploads\/2018\/06\/DSC0003-768x396.jpg 768w, https:\/\/www.anamt.org.br\/portal\/wp-content\/uploads\/2018\/06\/DSC0003-800x413.jpg 800w, https:\/\/www.anamt.org.br\/portal\/wp-content\/uploads\/2018\/06\/DSC0003.jpg 1000w\" sizes=\"(max-width: 1000px) 100vw, 1000px\" \/><\/p>\n<p style=\"text-align: center;\"><em>Abertura do Semin\u00e1rio Norte Nordeste da ANAMT<\/em><\/p>\n<p>Durante tr\u00eas dias, Teresina sedia o Semin\u00e1rio Norte-Nordeste da ANAMT, levantando o tema principal \u201cA Medicina do Trabalho nas Regi\u00f5es Norte e Nordeste \u2013 cen\u00e1rio atual, desafios e perspectivas na promo\u00e7\u00e3o de um trabalho digno, seguro e saud\u00e1vel\u201d. A mesa de honra da abertura contou com as presen\u00e7as da presidente da ANAMT, Dra. Marcia Bandini, o presidente da APMT-PI, Dr. Pascoal da Costa Neto, o vice-presidente Regi\u00e3o Norte da Associa\u00e7\u00e3o, Dr. Ricardo Turenko, o vice-presidente da Regi\u00e3o Nordeste da ANAMT, Dr. Glauber Paiva e a presidente do Conselho Regional de Medicina do Piau\u00ed (CRM-PI), Dra. M\u00edrian Perp\u00e9tua.<\/p>\n<p>Leia tamb\u00e9m:\u00a0<a href=\"https:\/\/www.anamt.org.br\/portal\/2018\/05\/31\/anamt-inicia-as-atividades-do-seminario-norte-nordeste-em-teresina\/\" target=\"_blank\" rel=\"noopener noreferrer\">ANAMT inicia atividades do Semin\u00e1rio Norte-Nordeste em Teresina<\/a><\/p>\n<p><a href=\"https:\/\/www.anamt.org.br\/portal\/2018\/05\/31\/seminario-norte-nordeste-da-anamt-oferece-ampla-variedade-de-conhecimento-em-seu-primeiro-dia\/\" target=\"_blank\" rel=\"noopener noreferrer\">Semin\u00e1rio Norte-Nordeste da ANAMT oferece ampla variedade de conhecimento em seu primeiro dia<\/a><\/p>\n<p>Dando in\u00edcio \u00e0 programa\u00e7\u00e3o do evento, Dra. Marcia Bandini abordou sobre a distribui\u00e7\u00e3o dos m\u00e9dicos do trabalho no Brasil, principalmente no Nordeste. Embora cada regi\u00e3o tenha seu potencial de crescimento, os desafios s\u00e3o semelhantes em n\u00edvel nacional. \u201cNosso desafio \u00e9 ter mais \u00e9tica, trabalhar mais por sa\u00fade e pelos trabalhadores, olhar para o futuro e acompanhar os avan\u00e7os da ci\u00eancia. Somos de regi\u00f5es diferentes, mas somos um s\u00f3 Brasil e precisamos lutar por um pa\u00eds melhor e mais justo\u201d, destacou.<\/p>\n<p><img decoding=\"async\" class=\"alignnone size-full wp-image-33764\" src=\"https:\/\/www.anamt.org.br\/portal\/wp-content\/uploads\/2018\/06\/DSC0015.jpg\" alt=\"\" width=\"1000\" height=\"664\" srcset=\"https:\/\/www.anamt.org.br\/portal\/wp-content\/uploads\/2018\/06\/DSC0015-200x133.jpg 200w, https:\/\/www.anamt.org.br\/portal\/wp-content\/uploads\/2018\/06\/DSC0015-300x199.jpg 300w, https:\/\/www.anamt.org.br\/portal\/wp-content\/uploads\/2018\/06\/DSC0015-400x266.jpg 400w, https:\/\/www.anamt.org.br\/portal\/wp-content\/uploads\/2018\/06\/DSC0015-600x398.jpg 600w, https:\/\/www.anamt.org.br\/portal\/wp-content\/uploads\/2018\/06\/DSC0015-768x510.jpg 768w, https:\/\/www.anamt.org.br\/portal\/wp-content\/uploads\/2018\/06\/DSC0015-800x531.jpg 800w, https:\/\/www.anamt.org.br\/portal\/wp-content\/uploads\/2018\/06\/DSC0015.jpg 1000w\" sizes=\"(max-width: 1000px) 100vw, 1000px\" \/><\/p>\n<p style=\"text-align: center;\"><em>O desembargador Francisco Marques de Lima<\/em><\/p>\n<p>Para falar da import\u00e2ncia de um ambiente de trabalho sadio, o Semin\u00e1rio recebeu o desembargador Francisco Marques de Lima, do Tribunal Regional do Trabalho do Piau\u00ed (TRT-PI). \u201cUm ambiente de trabalho sadio, no ponto de vista ecol\u00f3gico e psicol\u00f3gico, \u00e9 essencial para o trabalhador. Ele precisa ser bem tratado, estimulado, valorizado, n\u00e3o sofrer agress\u00f5es de ordem moral, como discrimina\u00e7\u00f5es e press\u00f5es indevidas. Estando tudo bem colocado, as fam\u00edlias e sociedade em geral ter\u00e3o um retorno extraordin\u00e1rio, consequentemente trazendo a paz social\u201d, enfatizou.<\/p>\n<p>Dando continuidade ao tema \u201cObriga\u00e7\u00f5es do Empregador e do Empregado\u201d, o desembargador citou os pontos de vista da legisla\u00e7\u00e3o e a terceiriza\u00e7\u00e3o de servi\u00e7os. \u201cA terceiriza\u00e7\u00e3o n\u00e3o deve ser proibida, mas precisa ser acompanhada com a devida cautela de quem toma o servi\u00e7o, para que haja respaldo financeiro para lidar com futuros problemas desse empregado\u201d, completou.<\/p>\n<p><img decoding=\"async\" class=\"alignnone size-full wp-image-33765\" src=\"https:\/\/www.anamt.org.br\/portal\/wp-content\/uploads\/2018\/06\/DSC0022.jpg\" alt=\"\" width=\"1000\" height=\"664\" srcset=\"https:\/\/www.anamt.org.br\/portal\/wp-content\/uploads\/2018\/06\/DSC0022-200x133.jpg 200w, https:\/\/www.anamt.org.br\/portal\/wp-content\/uploads\/2018\/06\/DSC0022-300x199.jpg 300w, https:\/\/www.anamt.org.br\/portal\/wp-content\/uploads\/2018\/06\/DSC0022-400x266.jpg 400w, https:\/\/www.anamt.org.br\/portal\/wp-content\/uploads\/2018\/06\/DSC0022-600x398.jpg 600w, https:\/\/www.anamt.org.br\/portal\/wp-content\/uploads\/2018\/06\/DSC0022-768x510.jpg 768w, https:\/\/www.anamt.org.br\/portal\/wp-content\/uploads\/2018\/06\/DSC0022-800x531.jpg 800w, https:\/\/www.anamt.org.br\/portal\/wp-content\/uploads\/2018\/06\/DSC0022.jpg 1000w\" sizes=\"(max-width: 1000px) 100vw, 1000px\" \/><\/p>\n<p style=\"text-align: center;\"><em>O Procurador Edno Carvalho<\/em><\/p>\n<p>Na segunda confer\u00eancia da manh\u00e3, o Procurador Edno Carvalho Moura tratou das altera\u00e7\u00f5es que a Reforma Trabalhista trouxe e como ela afetou sa\u00fade, seguran\u00e7a e higiene dos trabalhadores. \u201cSob a \u00f3tica do Minist\u00e9rio P\u00fablico, houve um impacto negativo, pois pode implicar em alguns agraves para a sa\u00fade do trabalhador\u201d, comentou.<\/p>\n<p>Entre os pontos mais graves da Reforma, o Procurador citou a quest\u00e3o das trabalhadoras gestantes e lactantes, pois, a partir de agora, elas n\u00e3o s\u00e3o mais afastadas do ambiente de trabalho como antes. Abordou ainda o grau de insalubridade, que permitiu, por instrumento coletivo de trabalho, que esses enquadramentos pudessem ser suprimidos ou reduzidos. Outra agravante \u00e9 a prorroga\u00e7\u00e3o da jornada de trabalho em ambientes insalubres, o que pode causar preju\u00edzos \u00e0 sa\u00fade do trabalhador.<\/p>\n<p>\u201cDestaco tamb\u00e9m a altera\u00e7\u00e3o da jornada de trabalho, profundamente afetada pela reforma, inclusive com previs\u00e3o de que as regras sobre sua dura\u00e7\u00e3o n\u00e3o integram o rol de normas de sa\u00fade e seguran\u00e7a. Essa determina\u00e7\u00e3o afronta a Constitui\u00e7\u00e3o da Rep\u00fablica\u201d, completou.<\/p>\n<p><img decoding=\"async\" class=\"alignnone size-full wp-image-33766\" src=\"https:\/\/www.anamt.org.br\/portal\/wp-content\/uploads\/2018\/06\/DSC0024.jpg\" alt=\"\" width=\"1000\" height=\"664\" srcset=\"https:\/\/www.anamt.org.br\/portal\/wp-content\/uploads\/2018\/06\/DSC0024-200x133.jpg 200w, https:\/\/www.anamt.org.br\/portal\/wp-content\/uploads\/2018\/06\/DSC0024-300x199.jpg 300w, https:\/\/www.anamt.org.br\/portal\/wp-content\/uploads\/2018\/06\/DSC0024-400x266.jpg 400w, https:\/\/www.anamt.org.br\/portal\/wp-content\/uploads\/2018\/06\/DSC0024-600x398.jpg 600w, https:\/\/www.anamt.org.br\/portal\/wp-content\/uploads\/2018\/06\/DSC0024-768x510.jpg 768w, https:\/\/www.anamt.org.br\/portal\/wp-content\/uploads\/2018\/06\/DSC0024-800x531.jpg 800w, https:\/\/www.anamt.org.br\/portal\/wp-content\/uploads\/2018\/06\/DSC0024.jpg 1000w\" sizes=\"(max-width: 1000px) 100vw, 1000px\" \/><\/p>\n<p style=\"text-align: center;\"><em>Dr. Hudson Couto<\/em><\/p>\n<p>O Semin\u00e1rio tamb\u00e9m abordou a import\u00e2ncia do fator ergonomia para evitar acidentes de trabalho. Sobre o assunto, Dr. Hudson de Ara\u00fajo Couto levou aos participantes dados de uma pesquisa que comp\u00f5e o livro \u201cUm novo olhar na preven\u00e7\u00e3o de acidentes do trabalho: O fator ergonomia\u201d, de sua autoria.<\/p>\n<p>A obra tem como p\u00fablico-alvo m\u00e9dicos do trabalho, engenheiros e t\u00e9cnicos de seguran\u00e7a, profissionais que podem influenciar nas melhorias dentro das empresas. \u201cNa obra eu trago uma pesquisa feita com registros de 983 acidentes de trabalho, onde 41% s\u00e3o claramente decorrentes de m\u00e1s condi\u00e7\u00f5es de ergonomia, com exemplos dos principais pontos que devem ser atacados e orienta\u00e7\u00f5es pr\u00e1ticas para melhorar essas falhas\u201d, disse.<\/p>\n<p>Em seguida aconteceu o Simp\u00f3sio SANOFI, tendo como palestrante o Dr. Renato Monteiro, que abordou o Retorno de Investimento (ROI) e como fazer uso dessa ferramenta. \u201cNa realidade, quando se fala em investimento em sa\u00fade, sempre deve se enxergar a parte final, que \u00e9 o trabalhador. Se ele vai se beneficiar disso, \u00f3timo. Mas mostramos como a empresa pode ter um trabalhador numa atividade melhor de sa\u00edda e melhor amparado\u201d, disse.<\/p>\n<p>Dra. M\u00e1rcia Bandini, enfatizou que a abertura do primeiro dia do evento teve resultados al\u00e9m do esperado. \u201cSe considerarmos todo o esfor\u00e7o de realizar o evento em um momento de crise de transporte e mudan\u00e7a de local na \u00faltima hora, come\u00e7ar o dia com sala cheia \u00e9 uma alegria. Fiquei bastante emocionada de conseguirmos viabilizar esse encontro pela primeira vez no Piau\u00ed, com uma sala representativa, com participantes de 46 munic\u00edpios, distribu\u00eddos em 17 estados, n\u00e3o \u00e9 pouca coisa. E os palestrantes dessa manh\u00e3 foram maravilhosos, deram verdadeiras aulas\u201d, concluiu.<\/p>\n","protected":false},"excerpt":{"rendered":"<p>Abertura do Semin\u00e1rio Norte Nordeste da ANAMT Durante tr\u00eas dias, Teresina sedia o Semin\u00e1rio Norte-Nordeste da ANAMT, levantando o tema principal \u201cA Medicina do Trabalho nas Regi\u00f5es Norte e Nordeste \u2013 cen\u00e1rio atual, desafios e perspectivas na promo\u00e7\u00e3o de um trabalho digno, seguro e saud\u00e1vel\u201d. A mesa de honra da abertura contou com as presen\u00e7as [&hellip;]<\/p>\n","protected":false},"author":1,"featured_media":33758,"comment_status":"closed","ping_status":"closed","sticky":false,"template":"","format":"standard","meta":{"footnotes":""},"categories":[1],"tags":[],"_links":{"self":[{"href":"https:\/\/www.anamt.org.br\/portal\/wp-json\/wp\/v2\/posts\/33757"}],"collection":[{"href":"https:\/\/www.anamt.org.br\/portal\/wp-json\/wp\/v2\/posts"}],"about":[{"href":"https:\/\/www.anamt.org.br\/portal\/wp-json\/wp\/v2\/types\/post"}],"author":[{"embeddable":true,"href":"https:\/\/www.anamt.org.br\/portal\/wp-json\/wp\/v2\/users\/1"}],"replies":[{"embeddable":true,"href":"https:\/\/www.anamt.org.br\/portal\/wp-json\/wp\/v2\/comments?post=33757"}],"version-history":[{"count":0,"href":"https:\/\/www.anamt.org.br\/portal\/wp-json\/wp\/v2\/posts\/33757\/revisions"}],"wp:featuredmedia":[{"embeddable":true,"href":"https:\/\/www.anamt.org.br\/portal\/wp-json\/wp\/v2\/media\/33758"}],"wp:attachment":[{"href":"https:\/\/www.anamt.org.br\/portal\/wp-json\/wp\/v2\/media?parent=33757"}],"wp:term":[{"taxonomy":"category","embeddable":true,"href":"https:\/\/www.anamt.org.br\/portal\/wp-json\/wp\/v2\/categories?post=33757"},{"taxonomy":"post_tag","embeddable":true,"href":"https:\/\/www.anamt.org.br\/portal\/wp-json\/wp\/v2\/tags?post=33757"}],"curies":[{"name":"wp","href":"https:\/\/api.w.org\/{rel}","templated":true}]}}