{"id":33747,"date":"2018-06-01T09:57:25","date_gmt":"2018-06-01T12:57:25","guid":{"rendered":"https:\/\/www.anamt.org.br\/portal\/?p=33747"},"modified":"2018-06-04T09:55:46","modified_gmt":"2018-06-04T12:55:46","slug":"seminario-norte-nordeste-da-anamt-acompanhe-a-palestra-de-abertura-ao-vivo","status":"publish","type":"post","link":"https:\/\/www.anamt.org.br\/portal\/2018\/06\/01\/seminario-norte-nordeste-da-anamt-acompanhe-a-palestra-de-abertura-ao-vivo\/","title":{"rendered":"Semin\u00e1rio Norte-Nordeste da ANAMT: confira v\u00eddeos do evento"},"content":{"rendered":"<p>Neste s\u00e1bado (2), a programa\u00e7\u00e3o do Semin\u00e1rio Norte-Nordeste da ANAMT continua. Confira ao vivo o painel sobre\u00a0Gest\u00e3o Sa\u00fade do Trabalhador e Sa\u00fade Ambiental:<\/p>\n<p>https:\/\/www.facebook.com\/anamt.org.br\/videos\/1982793872035417\/<\/p>\n<p>https:\/\/www.facebook.com\/anamt.org.br\/videos\/1982941838687287\/?notif_id=1527938866563327&#038;notif_t=live_video_explicit<\/p>\n<p>Dr. Gustavo fala sobre Os impactos da implanta\u00e7\u00e3o do eSocial sobre as pr\u00e1ticas de SST. Confira:<\/p>\n<p>https:\/\/www.facebook.com\/anamt.org.br\/videos\/1982491118732359\/?notif_id=1527877640726784&#038;notif_t=live_video_explicit<\/p>\n<p>Aspectos relacionados \u00e0 Reforma Trabalhista na Per\u00edcia M\u00e9dica \u00e9 tema da mesa redonda do Semin\u00e1rio Norte-Nordeste ANAMT. Acompanhe:<\/p>\n<p>https:\/\/www.facebook.com\/anamt.org.br\/videos\/1982468598734611\/<\/p>\n<p>Peculiaridades e Controv\u00e9rsias em Per\u00edcia M\u00e9dica Previdenci\u00e1ria \u00e9 o tema da palestra do Dr. Jarbas Simas. Acompanhe na transmiss\u00e3o abaixo:<\/p>\n<p>https:\/\/www.facebook.com\/anamt.org.br\/videos\/1982442705403867\/?notif_id=1527874400898975&#038;notif_t=live_video_explicit<\/p>\n<p>https:\/\/www.facebook.com\/anamt.org.br\/videos\/1982425572072247\/?notif_id=1527872582867106&#038;notif_t=live_video_explicit<\/p>\n<p>A reforma trabalhista e as repercuss\u00f5es em SST foram abordadas pelo Procurador Edno Carvalho Moura. Confira na transmiss\u00e3o ao vivo:<\/p>\n<p>https:\/\/www.facebook.com\/anamt.org.br\/videos\/1982341005414037\/?notif_id=1527853915409327&#038;notif_t=live_video_explicit<\/p>\n<p>Nesta quinta-feira (31), a ANAMT iniciou, em Teresina (PI), o Semin\u00e1rio Norte-Nordeste da ANAMT. Ap\u00f3s um primeiro dia de cursos pr\u00e9-congresso, a palestra de abertura do evento, sobre A Medicina do Trabalho nas Regi\u00f5es Norte e Nordeste, est\u00e1 sendo transmitida ao vivo no Facebook da entidade. Confira abaixo:<\/p>\n<p>https:\/\/www.facebook.com\/anamt.org.br\/videos\/1982292842085520\/?notif_id=1527856445771081&#038;notif_t=live_video_explicit<\/p>\n","protected":false},"excerpt":{"rendered":"<p>Neste s\u00e1bado (2), a programa\u00e7\u00e3o do Semin\u00e1rio Norte-Nordeste da ANAMT continua. Confira ao vivo o painel sobre\u00a0Gest\u00e3o Sa\u00fade do Trabalhador e Sa\u00fade Ambiental: https:\/\/www.facebook.com\/anamt.org.br\/videos\/1982793872035417\/ https:\/\/www.facebook.com\/anamt.org.br\/videos\/1982941838687287\/?notif_id=1527938866563327&#038;notif_t=live_video_explicit Dr. Gustavo fala sobre Os impactos da implanta\u00e7\u00e3o do eSocial sobre as pr\u00e1ticas de SST. Confira: https:\/\/www.facebook.com\/anamt.org.br\/videos\/1982491118732359\/?notif_id=1527877640726784&#038;notif_t=live_video_explicit Aspectos relacionados \u00e0 Reforma Trabalhista na Per\u00edcia M\u00e9dica \u00e9 tema da mesa redonda [&hellip;]<\/p>\n","protected":false},"author":1,"featured_media":30865,"comment_status":"closed","ping_status":"closed","sticky":false,"template":"","format":"standard","meta":{"footnotes":""},"categories":[78],"tags":[],"_links":{"self":[{"href":"https:\/\/www.anamt.org.br\/portal\/wp-json\/wp\/v2\/posts\/33747"}],"collection":[{"href":"https:\/\/www.anamt.org.br\/portal\/wp-json\/wp\/v2\/posts"}],"about":[{"href":"https:\/\/www.anamt.org.br\/portal\/wp-json\/wp\/v2\/types\/post"}],"author":[{"embeddable":true,"href":"https:\/\/www.anamt.org.br\/portal\/wp-json\/wp\/v2\/users\/1"}],"replies":[{"embeddable":true,"href":"https:\/\/www.anamt.org.br\/portal\/wp-json\/wp\/v2\/comments?post=33747"}],"version-history":[{"count":0,"href":"https:\/\/www.anamt.org.br\/portal\/wp-json\/wp\/v2\/posts\/33747\/revisions"}],"wp:featuredmedia":[{"embeddable":true,"href":"https:\/\/www.anamt.org.br\/portal\/wp-json\/wp\/v2\/media\/30865"}],"wp:attachment":[{"href":"https:\/\/www.anamt.org.br\/portal\/wp-json\/wp\/v2\/media?parent=33747"}],"wp:term":[{"taxonomy":"category","embeddable":true,"href":"https:\/\/www.anamt.org.br\/portal\/wp-json\/wp\/v2\/categories?post=33747"},{"taxonomy":"post_tag","embeddable":true,"href":"https:\/\/www.anamt.org.br\/portal\/wp-json\/wp\/v2\/tags?post=33747"}],"curies":[{"name":"wp","href":"https:\/\/api.w.org\/{rel}","templated":true}]}}