{"id":33741,"date":"2018-05-31T19:26:34","date_gmt":"2018-05-31T22:26:34","guid":{"rendered":"https:\/\/www.anamt.org.br\/portal\/?p=33741"},"modified":"2018-06-01T08:57:25","modified_gmt":"2018-06-01T11:57:25","slug":"seminario-norte-nordeste-da-anamt-oferece-ampla-variedade-de-conhecimento-em-seu-primeiro-dia","status":"publish","type":"post","link":"https:\/\/www.anamt.org.br\/portal\/2018\/05\/31\/seminario-norte-nordeste-da-anamt-oferece-ampla-variedade-de-conhecimento-em-seu-primeiro-dia\/","title":{"rendered":"Semin\u00e1rio Norte-Nordeste da ANAMT oferece ampla variedade de conhecimento em seu primeiro dia"},"content":{"rendered":"<p>Durante toda essa quinta-feira (31\/05), o primeiro Semin\u00e1rio Norte-Nordeste da ANAMT foi composto por vasto conhecimento e discuss\u00f5es a respeito de assuntos de extrema relev\u00e2ncia n\u00e3o s\u00f3 para os M\u00e9dicos do Trabalho, mas para trabalhadores, como foi o caso do curso do Dr. Ricardo Turenko, ocorrido durante a manh\u00e3 e que tratou a respeito do afastamento dos trabalhadores por quest\u00f5es de problemas que muitas vezes podem ser evitados com medidas simples de preven\u00e7\u00e3o e promo\u00e7\u00e3o de sa\u00fade.<\/p>\n<p>Leia tamb\u00e9m: <a href=\"https:\/\/www.anamt.org.br\/portal\/2018\/05\/31\/anamt-inicia-as-atividades-do-seminario-norte-nordeste-em-teresina\/\">ANAMT inicia seu primeiro Semin\u00e1rio Norte-Nordeste em Teresina<\/a><\/p>\n<div style=\"width: 640px;\" class=\"wp-video\"><!--[if lt IE 9]><script>document.createElement('video');<\/script><![endif]-->\n<video class=\"wp-video-shortcode\" id=\"video-33741-1\" width=\"640\" height=\"352\" preload=\"metadata\" controls=\"controls\"><source type=\"video\/mp4\" src=\"https:\/\/www.anamt.org.br\/portal\/wp-content\/uploads\/2018\/05\/1029a428-38fe-461b-913c-a91a5caa9392.mp4?_=1\" \/><a href=\"https:\/\/www.anamt.org.br\/portal\/wp-content\/uploads\/2018\/05\/1029a428-38fe-461b-913c-a91a5caa9392.mp4\">https:\/\/www.anamt.org.br\/portal\/wp-content\/uploads\/2018\/05\/1029a428-38fe-461b-913c-a91a5caa9392.mp4<\/a><\/video><\/div>\n<p>Os afastamentos t\u00eam m\u00faltiplas causas e muitas empresas n\u00e3o veem que isso gera custos e que o esfor\u00e7o para possuir um ambiente saud\u00e1vel e agrad\u00e1vel traz grandes benef\u00edcios para as companhias e seus trabalhadores. \u201cO bem-estar do funcion\u00e1rio vai al\u00e9m de evitar um afastamento, mas tamb\u00e9m fazer com que evite que o empregado v\u00e1 para o trabalho, mas n\u00e3o renda. O que \u00e9 t\u00e3o grave quanto o afastamento. Foi estimando pela Organiza\u00e7\u00e3o Mundial de Sa\u00fade que cerca de 12% dos funcion\u00e1rios agem assim. O curso veio para ajudar ao M\u00e9dico do Trabalho, mostrar de uma forma concreta para os empregadores, que aquele investimento em sa\u00fade, seguran\u00e7a e economia, vai se traduzir num retorno financeiro muito acima do que ele imagina\u201d, comentou Dr. Ricardo Turenko.<\/p>\n<p>Quem tamb\u00e9m ministrou curso durante esse dia de pr\u00e9-evento, foi a pr\u00f3pria presidente da ANAMT, Dra. Marcia Bandini, que tratou do Programa de Controle M\u00e9dico de Sa\u00fade Ocupacional (PCMSO), que, como o nome j\u00e1 sugere trata de um dos programas de sa\u00fade e seguran\u00e7a do trabalho que deve, obrigatoriamente, ser implantado nas empresas e controla diretamente o estado de sa\u00fade f\u00edsica e mental dos trabalhadores, garantindo o bem-estar dos mesmos. \u201cO intuito \u00e9 atualizar alguns conhecimentos desse programa que tem mais de 20 anos de exist\u00eancia, mas principalmente fazer uma reflex\u00e3o conjunta para que as pessoas saiam daqui\u00a0empoderadas para suas tomadas de decis\u00e3o no dia a dia\u201d, ressaltou a presidente da ANAMT.<\/p>\n<p>Outra vertente abordada durante o semin\u00e1rio foi a respeito da ergonomia. No Semin\u00e1rio. ela foi aplicada no que diz respeito \u00e0 preven\u00e7\u00e3o de acidentes, \u201cSegundo nossa pesquisa estat\u00edstica realizada entre 2016 e 2017, ocorreram 893 acidentes t\u00edpicos em empresas grandes. Chegamos \u00e0 conclus\u00e3o de que o fator de m\u00e1 condi\u00e7\u00e3o de ergonomia, \u00e9 origem desses acidentes em mais de 41% dos casos e um dos fatores principais foi ferramenta inadequada utilizada pelo trabalhador. Por isso a import\u00e2ncia de debater esse assunto\u201d, frisou o Dr. Hudson Couto, ministrante de dois cursos ocorridos hoje a respeito do tema.<\/p>\n<p>\u00c0 tarde, em outro curso, foi falado a respeito do N\u00facleo Diretrizes da ANAMT, que \u00e9 composto por uma equipe profissional qualificada e tem por objetivo elaborar Diretrizes T\u00e9cnicas voltadas para a pr\u00e1tica da Medicina do Trabalho baseada em evid\u00eancias cient\u00edficas. O N\u00facleo trabalha em parceria com a Associa\u00e7\u00e3o M\u00e9dica Brasileira (AMB) dentro do Projeto Diretrizes. \u201cO objetivo desse curso foi mostrar para os M\u00e9dicos do Trabalho o que \u00e9 o N\u00facleo de Diretrizes e qual a produtividade e como transformar aqueles v\u00e1rios artigos cient\u00edficos em evid\u00eancias que eles podem usar na cl\u00ednica di\u00e1ria. Esse \u00e9 nosso carro chefe, pegar esses trabalhos, unificar, chegar a uma diretriz, uma recomenda\u00e7\u00e3o da ANAMT para o M\u00e9dico do Trabalho e assim, constantemente o atualizar\u201d disse o Dr. Paulo Rog\u00e9rio de Lima, integrante do N\u00facleo e um dos ministrantes do curso.<\/p>\n<p>O Dr. Gustavo Nicolai ministrou curso sobre um dos temas mais atuais e debatidos neste momento na Medicina do Trabalho, que \u00e9 o impacto do e-Social, o Sistema de Escritura\u00e7\u00e3o Digital das Obriga\u00e7\u00f5es Fiscais, Previdenci\u00e1rias e Trabalhistas. Por meio desse sistema, os empregadores comunicam ao Governo, de forma unificada, as informa\u00e7\u00f5es relativas aos trabalhadores, como v\u00ednculos, contribui\u00e7\u00f5es previdenci\u00e1rias, folha de pagamento, comunica\u00e7\u00f5es de acidente de trabalho, aviso pr\u00e9vio, escritura\u00e7\u00f5es fiscais e informa\u00e7\u00f5es sobre o FGTS. Assunto esse que voltar\u00e1 a ser discutido nesta sexta-feira (01\/06) na continua\u00e7\u00e3o no Semin\u00e1rio Norte-Nordeste da ANAMT.<\/p>\n","protected":false},"excerpt":{"rendered":"<p>Durante toda essa quinta-feira (31\/05), o primeiro Semin\u00e1rio Norte-Nordeste da ANAMT foi composto por vasto conhecimento e discuss\u00f5es a respeito de assuntos de extrema relev\u00e2ncia n\u00e3o s\u00f3 para os M\u00e9dicos do Trabalho, mas para trabalhadores, como foi o caso do curso do Dr. Ricardo Turenko, ocorrido durante a manh\u00e3 e que tratou a respeito do [&hellip;]<\/p>\n","protected":false},"author":1,"featured_media":0,"comment_status":"closed","ping_status":"closed","sticky":false,"template":"","format":"standard","meta":{"footnotes":""},"categories":[1],"tags":[],"_links":{"self":[{"href":"https:\/\/www.anamt.org.br\/portal\/wp-json\/wp\/v2\/posts\/33741"}],"collection":[{"href":"https:\/\/www.anamt.org.br\/portal\/wp-json\/wp\/v2\/posts"}],"about":[{"href":"https:\/\/www.anamt.org.br\/portal\/wp-json\/wp\/v2\/types\/post"}],"author":[{"embeddable":true,"href":"https:\/\/www.anamt.org.br\/portal\/wp-json\/wp\/v2\/users\/1"}],"replies":[{"embeddable":true,"href":"https:\/\/www.anamt.org.br\/portal\/wp-json\/wp\/v2\/comments?post=33741"}],"version-history":[{"count":0,"href":"https:\/\/www.anamt.org.br\/portal\/wp-json\/wp\/v2\/posts\/33741\/revisions"}],"wp:attachment":[{"href":"https:\/\/www.anamt.org.br\/portal\/wp-json\/wp\/v2\/media?parent=33741"}],"wp:term":[{"taxonomy":"category","embeddable":true,"href":"https:\/\/www.anamt.org.br\/portal\/wp-json\/wp\/v2\/categories?post=33741"},{"taxonomy":"post_tag","embeddable":true,"href":"https:\/\/www.anamt.org.br\/portal\/wp-json\/wp\/v2\/tags?post=33741"}],"curies":[{"name":"wp","href":"https:\/\/api.w.org\/{rel}","templated":true}]}}