{"id":33733,"date":"2018-05-31T12:34:58","date_gmt":"2018-05-31T15:34:58","guid":{"rendered":"https:\/\/www.anamt.org.br\/portal\/?p=33733"},"modified":"2018-06-01T14:37:14","modified_gmt":"2018-06-01T17:37:14","slug":"anamt-inicia-as-atividades-do-seminario-norte-nordeste-em-teresina","status":"publish","type":"post","link":"https:\/\/www.anamt.org.br\/portal\/2018\/05\/31\/anamt-inicia-as-atividades-do-seminario-norte-nordeste-em-teresina\/","title":{"rendered":"ANAMT inicia as atividades do Semin\u00e1rio Norte-Nordeste em Teresina"},"content":{"rendered":"<p>Na manh\u00e3 desta quinta-feira (31), foram realizados os cursos pr\u00e9-evento do primeiro Semin\u00e1rio Norte Nordeste de Medicina do Trabalho, sediado em Teresina (PI), e organizado pela Associa\u00e7\u00e3o Nacional de Medicina do Trabalho (ANAMT) juntamente com as Federadas do Norte e Nordeste. A capital piauiense foi escolhida para acolher o evento por ser considerada uma refer\u00eancia em sa\u00fade ocupacional na regi\u00e3o e nunca ter recebido um Semin\u00e1rio realizado pela ANAMT.<\/p>\n<p>\u201cEstamos muito felizes de estar aqui. E essa \u00e9 a nossa miss\u00e3o, o desenvolvimento t\u00e9cnico cientifico para m\u00e9dico do trabalho, assim como tamb\u00e9m para outros profissionais que atuam na \u00e1rea de seguran\u00e7a do trabalho e nesse papel temos que ir para o Brasil inteiro para estimular o desenvolvimento e os debates locais\u201d, afirma a presidente da ANAMT, Dra. M\u00e1rcia Bandini.<\/p>\n<div id=\"attachment_33737\" style=\"width: 810px\" class=\"wp-caption alignnone\"><img aria-describedby=\"caption-attachment-33737\" decoding=\"async\" class=\"wp-image-33737 size-full\" src=\"https:\/\/www.anamt.org.br\/portal\/wp-content\/uploads\/2018\/05\/ANAMT_CredenciamentoNorteNordeste.jpg\" alt=\"\" width=\"800\" height=\"360\" srcset=\"https:\/\/www.anamt.org.br\/portal\/wp-content\/uploads\/2018\/05\/ANAMT_CredenciamentoNorteNordeste-200x90.jpg 200w, https:\/\/www.anamt.org.br\/portal\/wp-content\/uploads\/2018\/05\/ANAMT_CredenciamentoNorteNordeste-300x135.jpg 300w, https:\/\/www.anamt.org.br\/portal\/wp-content\/uploads\/2018\/05\/ANAMT_CredenciamentoNorteNordeste-400x180.jpg 400w, https:\/\/www.anamt.org.br\/portal\/wp-content\/uploads\/2018\/05\/ANAMT_CredenciamentoNorteNordeste-600x270.jpg 600w, https:\/\/www.anamt.org.br\/portal\/wp-content\/uploads\/2018\/05\/ANAMT_CredenciamentoNorteNordeste-768x346.jpg 768w, https:\/\/www.anamt.org.br\/portal\/wp-content\/uploads\/2018\/05\/ANAMT_CredenciamentoNorteNordeste.jpg 800w\" sizes=\"(max-width: 800px) 100vw, 800px\" \/><p id=\"caption-attachment-33737\" class=\"wp-caption-text\">Participantes realizam o credenciamento para o evento em Teresina (PI)<\/p><\/div>\n<p>\u201cRealizar um evento aqui era um grande anseio da gest\u00e3o nacional. Agora houve a oportunidade. A expectativa e objetivo do evento \u00e9 a capacita\u00e7\u00e3o t\u00e9cnica e, para isso, contamos com palestrantes gabaritados, alguns dos maiores especialistas nacionais, al\u00e9m de ser um momento de intera\u00e7\u00e3o e contato entre profissionais de v\u00e1rios lugares do Brasil\u201d ressaltou o vice-presidente da ANAMT, Paulo Rebelo<\/p>\n<p>\u201cOs participantes devem esperar deste Semin\u00e1rio tudo o que h\u00e1 de melhor em rela\u00e7\u00e3o a temas atuais. Toda a programa\u00e7\u00e3o foi escolhida fundamentada na necessidade do dia a dia do m\u00e9dico do trabalho, aqui vamos ter temas atuais e bem relevantes. Afinal a falta de informa\u00e7\u00e3o \u00e9 um dos desafios da medicina do trabalho. A divulga\u00e7\u00e3o da import\u00e2ncia de se ter um ambiente seguro e saud\u00e1vel precisa ser trabalhado e muito\u201d, explica o Presidente da Associa\u00e7\u00e3o Piauiense de Medicina do Trabalho (APMT), Dr. Pascoal Gomes da Costa Neto<\/p>\n<p>A Medicina do Trabalho \u00e9 um setor de grande import\u00e2ncia para a sociedade e n\u00e3o se limita apenas aos exames de admissionais e demissionais, como acredita a maioria da popula\u00e7\u00e3o, nota-se a import\u00e2ncia dessa \u00e1rea principalmente no que se trata de medidas preventivas e manuten\u00e7\u00e3o do bem-estar do trabalhador. E o fato alarmante de que uma pessoa morre a cada 4 horas por acidente de trabalho, o que mostra mais ainda a necessidade de eventos como este para conscientiza\u00e7\u00e3o e dissemina\u00e7\u00e3o de informa\u00e7\u00e3o para que num futuro pr\u00f3ximo esse n\u00famero seja bem menor.<\/p>\n<p>\u201cO M\u00e9dico do Trabalho est\u00e1 mais pr\u00f3ximo da popula\u00e7\u00e3o. Ele tem a miss\u00e3o, em primeiro lugar, de prevenir acidentes e doen\u00e7as relacionadas ao trabalho, mas tamb\u00e9m de promover a sa\u00fade. Essa \u00e9 a grande mudan\u00e7a! A mudan\u00e7a dessa vis\u00e3o, mudan\u00e7a da cultura e que hoje ficou para tr\u00e1s aquela a ideia de que o M\u00e9dico do Trabalho faz s\u00f3 admissional ou demissional, hoje ele \u00e9 esse gestor da sa\u00fade, o gestor do cuidado com a sa\u00fade dos trabalhadores\u201d, finaliza a presidente da ANAMT, M\u00e1rcia Bandini<\/p>\n<p>Ainda acontecer\u00e3o outros cursos, mas o Semin\u00e1rio ter\u00e1 abertura oficial nessa sexta-feira (01\/06), com palestras de renomados nomes da medicina do trabalho do pa\u00eds. O evento se estender\u00e1 at\u00e9 o s\u00e1bado (02\/06).<\/p>\n","protected":false},"excerpt":{"rendered":"<p>Na manh\u00e3 desta quinta-feira (31), foram realizados os cursos pr\u00e9-evento do primeiro Semin\u00e1rio Norte Nordeste de Medicina do Trabalho, sediado em Teresina (PI), e organizado pela Associa\u00e7\u00e3o Nacional de Medicina do Trabalho (ANAMT) juntamente com as Federadas do Norte e Nordeste. A capital piauiense foi escolhida para acolher o evento por ser considerada uma refer\u00eancia [&hellip;]<\/p>\n","protected":false},"author":1,"featured_media":0,"comment_status":"closed","ping_status":"closed","sticky":false,"template":"","format":"standard","meta":{"footnotes":""},"categories":[1],"tags":[],"_links":{"self":[{"href":"https:\/\/www.anamt.org.br\/portal\/wp-json\/wp\/v2\/posts\/33733"}],"collection":[{"href":"https:\/\/www.anamt.org.br\/portal\/wp-json\/wp\/v2\/posts"}],"about":[{"href":"https:\/\/www.anamt.org.br\/portal\/wp-json\/wp\/v2\/types\/post"}],"author":[{"embeddable":true,"href":"https:\/\/www.anamt.org.br\/portal\/wp-json\/wp\/v2\/users\/1"}],"replies":[{"embeddable":true,"href":"https:\/\/www.anamt.org.br\/portal\/wp-json\/wp\/v2\/comments?post=33733"}],"version-history":[{"count":0,"href":"https:\/\/www.anamt.org.br\/portal\/wp-json\/wp\/v2\/posts\/33733\/revisions"}],"wp:attachment":[{"href":"https:\/\/www.anamt.org.br\/portal\/wp-json\/wp\/v2\/media?parent=33733"}],"wp:term":[{"taxonomy":"category","embeddable":true,"href":"https:\/\/www.anamt.org.br\/portal\/wp-json\/wp\/v2\/categories?post=33733"},{"taxonomy":"post_tag","embeddable":true,"href":"https:\/\/www.anamt.org.br\/portal\/wp-json\/wp\/v2\/tags?post=33733"}],"curies":[{"name":"wp","href":"https:\/\/api.w.org\/{rel}","templated":true}]}}