{"id":33697,"date":"2018-05-28T09:52:23","date_gmt":"2018-05-28T12:52:23","guid":{"rendered":"https:\/\/www.anamt.org.br\/portal\/?p=33697"},"modified":"2018-05-28T09:52:23","modified_gmt":"2018-05-28T12:52:23","slug":"ministerio-do-trabalho-abre-consulta-publica-sobre-escadas-na-nr-35","status":"publish","type":"post","link":"https:\/\/www.anamt.org.br\/portal\/2018\/05\/28\/ministerio-do-trabalho-abre-consulta-publica-sobre-escadas-na-nr-35\/","title":{"rendered":"Minist\u00e9rio do Trabalho abre consulta p\u00fablica sobre escadas na NR-35"},"content":{"rendered":"<p>A Portaria MTb n\u00ba 712, de 12 de abril de 2018, disp\u00f5e sobre abertura de consulta p\u00fablica, pelo prazo de 60 dias o texto t\u00e9cnico b\u00e1sico para cria\u00e7\u00e3o do Anexo III \u2013 Escadas \u2013 da Norma Regulamentadora n.\u00ba 35.<\/p>\n<p>Esta norma estabelece os requisitos m\u00ednimos e as medidas de prote\u00e7\u00e3o para o trabalho em altura, envolvendo o planejamento, a organiza\u00e7\u00e3o e a execu\u00e7\u00e3o, de forma a garantir a seguran\u00e7a e a sa\u00fade dos trabalhadores envolvidos direta ou indiretamente com esta atividade. \u00c9 poss\u00edvel participar da consulta p\u00fablica acessando o <a href=\"http:\/\/www.trabalho.gov.br\/seguranca-e-saude-no-trabalho\/consultas-publicas\" target=\"_blank\" rel=\"noopener noreferrer\">site.<\/a><\/p>\n<p>No dia 30 de maio,, de 10h \u00e0s 12h30, ser\u00e1 realizada uma transmiss\u00e3o ao vivo para divulga\u00e7\u00e3o da consulta p\u00fablica. O evento estar\u00e1 dispon\u00edvel <a href=\"http:\/\/www.fiesp.com.br\/online\">neste link<\/a>.<\/p>\n<p><em>(Fonte: Minist\u00e9rio do Trabalho)<\/em><\/p>\n","protected":false},"excerpt":{"rendered":"<p>A Portaria MTb n\u00ba 712, de 12 de abril de 2018, disp\u00f5e sobre abertura de consulta p\u00fablica, pelo prazo de 60 dias o texto t\u00e9cnico b\u00e1sico para cria\u00e7\u00e3o do Anexo III \u2013 Escadas \u2013 da Norma Regulamentadora n.\u00ba 35. Esta norma estabelece os requisitos m\u00ednimos e as medidas de prote\u00e7\u00e3o para o trabalho em altura, [&hellip;]<\/p>\n","protected":false},"author":1,"featured_media":32201,"comment_status":"closed","ping_status":"closed","sticky":false,"template":"","format":"standard","meta":{"footnotes":""},"categories":[79],"tags":[],"_links":{"self":[{"href":"https:\/\/www.anamt.org.br\/portal\/wp-json\/wp\/v2\/posts\/33697"}],"collection":[{"href":"https:\/\/www.anamt.org.br\/portal\/wp-json\/wp\/v2\/posts"}],"about":[{"href":"https:\/\/www.anamt.org.br\/portal\/wp-json\/wp\/v2\/types\/post"}],"author":[{"embeddable":true,"href":"https:\/\/www.anamt.org.br\/portal\/wp-json\/wp\/v2\/users\/1"}],"replies":[{"embeddable":true,"href":"https:\/\/www.anamt.org.br\/portal\/wp-json\/wp\/v2\/comments?post=33697"}],"version-history":[{"count":0,"href":"https:\/\/www.anamt.org.br\/portal\/wp-json\/wp\/v2\/posts\/33697\/revisions"}],"wp:featuredmedia":[{"embeddable":true,"href":"https:\/\/www.anamt.org.br\/portal\/wp-json\/wp\/v2\/media\/32201"}],"wp:attachment":[{"href":"https:\/\/www.anamt.org.br\/portal\/wp-json\/wp\/v2\/media?parent=33697"}],"wp:term":[{"taxonomy":"category","embeddable":true,"href":"https:\/\/www.anamt.org.br\/portal\/wp-json\/wp\/v2\/categories?post=33697"},{"taxonomy":"post_tag","embeddable":true,"href":"https:\/\/www.anamt.org.br\/portal\/wp-json\/wp\/v2\/tags?post=33697"}],"curies":[{"name":"wp","href":"https:\/\/api.w.org\/{rel}","templated":true}]}}