{"id":33658,"date":"2018-05-22T14:19:48","date_gmt":"2018-05-22T17:19:48","guid":{"rendered":"https:\/\/www.anamt.org.br\/portal\/?p=33658"},"modified":"2018-05-22T14:19:48","modified_gmt":"2018-05-22T17:19:48","slug":"portaria-publicada-no-diario-oficial-altera-redacao-de-itens-na-nr-12","status":"publish","type":"post","link":"https:\/\/www.anamt.org.br\/portal\/2018\/05\/22\/portaria-publicada-no-diario-oficial-altera-redacao-de-itens-na-nr-12\/","title":{"rendered":"Portaria publicada no Di\u00e1rio Oficial altera reda\u00e7\u00e3o de itens na NR 12"},"content":{"rendered":"<p>Foi publicada em 15 de maio, no Di\u00e1rio Oficial da Uni\u00e3o, a <a href=\"http:\/\/www.protecao.com.br\/_system\/scripts\/download.php?file=upload\/protecao_galeriaarquivo\/1230.pdf\">Portaria n\u00ba 326, de 14 de maio de 2018<\/a>, que altera a reda\u00e7\u00e3o de itens da Norma Regulamentadora n.\u00ba 12 (NR 12) &#8211; Seguran\u00e7a no Trabalho em M\u00e1quinas e Equipamentos.<\/p>\n<p>Entre as mudan\u00e7as est\u00e1 a inclus\u00e3o dos itens 12.13.1, 12.93.2.1 e 12.93.3 que destacam o uso do telef\u00e9rico nas \u00e1reas internas e externas \u00e0 edifica\u00e7\u00e3o fabril. Al\u00e9m disto, a portaria tamb\u00e9m altera a reda\u00e7\u00e3o do item 12.26 e das al\u00edneas &#8220;c&#8221;, &#8220;d&#8221;, &#8220;e&#8221;, &#8220;f&#8221; e &#8220;g&#8221; da NR 12, que visa os requisitos m\u00ednimos para a utiliza\u00e7\u00e3o de dispositivos de acionamento bimanual, para manter as m\u00e3os do operador fora da zona de perigo.<\/p>\n<p>J\u00e1 no Anexo IV &#8211; Gloss\u00e1rio da NR 12, h\u00e1 duas mudan\u00e7as. A primeira \u00e9 na altera\u00e7\u00e3o das defini\u00e7\u00f5es dos termos: Dispositivo de acionamento bimanual; Dispositivo de a\u00e7\u00e3o continuada; e, Dispositivo de acionamento por movimento limitado passo a passo. A outra altera\u00e7\u00e3o \u00e9 a inclus\u00e3o das defini\u00e7\u00f5es de Telef\u00e9rico; Dispositivo de restri\u00e7\u00e3o mec\u00e2nica; Dispositivo limitador; e, Dispositivo de obstru\u00e7\u00e3o.<\/p>\n<p><em>(Fonte: Revista Prote\u00e7\u00e3o)<\/em><\/p>\n","protected":false},"excerpt":{"rendered":"<p>Foi publicada em 15 de maio, no Di\u00e1rio Oficial da Uni\u00e3o, a Portaria n\u00ba 326, de 14 de maio de 2018, que altera a reda\u00e7\u00e3o de itens da Norma Regulamentadora n.\u00ba 12 (NR 12) &#8211; Seguran\u00e7a no Trabalho em M\u00e1quinas e Equipamentos. Entre as mudan\u00e7as est\u00e1 a inclus\u00e3o dos itens 12.13.1, 12.93.2.1 e 12.93.3 que [&hellip;]<\/p>\n","protected":false},"author":1,"featured_media":33439,"comment_status":"closed","ping_status":"closed","sticky":false,"template":"","format":"standard","meta":{"footnotes":""},"categories":[79],"tags":[],"_links":{"self":[{"href":"https:\/\/www.anamt.org.br\/portal\/wp-json\/wp\/v2\/posts\/33658"}],"collection":[{"href":"https:\/\/www.anamt.org.br\/portal\/wp-json\/wp\/v2\/posts"}],"about":[{"href":"https:\/\/www.anamt.org.br\/portal\/wp-json\/wp\/v2\/types\/post"}],"author":[{"embeddable":true,"href":"https:\/\/www.anamt.org.br\/portal\/wp-json\/wp\/v2\/users\/1"}],"replies":[{"embeddable":true,"href":"https:\/\/www.anamt.org.br\/portal\/wp-json\/wp\/v2\/comments?post=33658"}],"version-history":[{"count":0,"href":"https:\/\/www.anamt.org.br\/portal\/wp-json\/wp\/v2\/posts\/33658\/revisions"}],"wp:featuredmedia":[{"embeddable":true,"href":"https:\/\/www.anamt.org.br\/portal\/wp-json\/wp\/v2\/media\/33439"}],"wp:attachment":[{"href":"https:\/\/www.anamt.org.br\/portal\/wp-json\/wp\/v2\/media?parent=33658"}],"wp:term":[{"taxonomy":"category","embeddable":true,"href":"https:\/\/www.anamt.org.br\/portal\/wp-json\/wp\/v2\/categories?post=33658"},{"taxonomy":"post_tag","embeddable":true,"href":"https:\/\/www.anamt.org.br\/portal\/wp-json\/wp\/v2\/tags?post=33658"}],"curies":[{"name":"wp","href":"https:\/\/api.w.org\/{rel}","templated":true}]}}