{"id":33648,"date":"2018-05-19T10:39:40","date_gmt":"2018-05-19T13:39:40","guid":{"rendered":"https:\/\/www.anamt.org.br\/portal\/?p=33648"},"modified":"2018-05-21T10:40:24","modified_gmt":"2018-05-21T13:40:24","slug":"seminario-norte-nordeste-sorteio-do-dicionario-de-saude-e-seguranca-do-trabalhador","status":"publish","type":"post","link":"https:\/\/www.anamt.org.br\/portal\/2018\/05\/19\/seminario-norte-nordeste-sorteio-do-dicionario-de-saude-e-seguranca-do-trabalhador\/","title":{"rendered":"Semin\u00e1rio Norte-Nordeste: sorteio do Dicion\u00e1rio de Sa\u00fade e Seguran\u00e7a do Trabalhador"},"content":{"rendered":"<p><img decoding=\"async\" class=\"wp-image-33649 size-full alignleft\" src=\"https:\/\/www.anamt.org.br\/portal\/wp-content\/uploads\/2018\/05\/sorteio_dicionario_seminario-norte-nordeste_350x350.jpg\" alt=\"\" width=\"350\" height=\"350\" srcset=\"https:\/\/www.anamt.org.br\/portal\/wp-content\/uploads\/2018\/05\/sorteio_dicionario_seminario-norte-nordeste_350x350-66x66.jpg 66w, https:\/\/www.anamt.org.br\/portal\/wp-content\/uploads\/2018\/05\/sorteio_dicionario_seminario-norte-nordeste_350x350-150x150.jpg 150w, https:\/\/www.anamt.org.br\/portal\/wp-content\/uploads\/2018\/05\/sorteio_dicionario_seminario-norte-nordeste_350x350-200x200.jpg 200w, https:\/\/www.anamt.org.br\/portal\/wp-content\/uploads\/2018\/05\/sorteio_dicionario_seminario-norte-nordeste_350x350-300x300.jpg 300w, https:\/\/www.anamt.org.br\/portal\/wp-content\/uploads\/2018\/05\/sorteio_dicionario_seminario-norte-nordeste_350x350.jpg 350w\" sizes=\"(max-width: 350px) 100vw, 350px\" \/><\/p>\n<div class=\"_5pbx userContent _3576\" data-ft=\"{&quot;tn&quot;:&quot;K&quot;}\">\n<p>Inscreva-se j\u00e1 no <a class=\"profileLink\" href=\"https:\/\/www.facebook.com\/events\/367857197032010\/?acontext=%7B%22source%22%3A3%2C%22source_newsfeed_story_type%22%3A%22regular%22%2C%22action_history%22%3A%22%5B%7B%5C%22surface%5C%22%3A%5C%22newsfeed%5C%22%2C%5C%22mechanism%5C%22%3A%5C%22feed_story%5C%22%2C%5C%22extra_data%5C%22%3A%5B%5D%7D%5D%22%2C%22has_source%22%3Atrue%7D&amp;source=3&amp;source_newsfeed_story_type=regular&amp;action_history=%5B%7B%22surface%22%3A%22newsfeed%22%2C%22mechanism%22%3A%22feed_story%22%2C%22extra_data%22%3A%5B%5D%7D%5D&amp;has_source=1&amp;fref=mentions\" data-hovercard=\"\/ajax\/hovercard\/event.php?id=367857197032010&amp;extragetparams=%7B%22source%22%3A3%2C%22source_newsfeed_story_type%22%3A%22regular%22%2C%22action_history%22%3A%22%5B%7B%5C%22surface%5C%22%3A%5C%22newsfeed%5C%22%2C%5C%22mechanism%5C%22%3A%5C%22feed_story%5C%22%2C%5C%22extra_data%5C%22%3A%5B%5D%7D%5D%22%2C%22has_source%22%3Atrue%2C%22fref%22%3A%22mentions%22%7D\" data-hovercard-prefer-more-content-show=\"1\">Semin\u00e1rio Norte Nordeste da ANAMT<\/a> para concorrer a cinco exemplares do <em>Dicion\u00e1rio de Sa\u00fade e Seguran\u00e7a do Trabalhador<\/em>, organizado pelo Prof. Ren\u00e9 Mendes. Aten\u00e7\u00e3o a promo\u00e7\u00e3o \u00e9 v\u00e1lida somente para inscri\u00e7\u00f5es at\u00e9 o fim da segunda-feira, 21 de maio. N\u00e3o perca esta oportunidade!<\/p>\n<p>Para mais informa\u00e7\u00f5es sobre o evento, visite o site: <a href=\"http:\/\/seminariosanamt.com.br\/nortenordeste\" target=\"_blank\" rel=\"nofollow noopener noreferrer\" data-ft=\"{&quot;tn&quot;:&quot;-U&quot;}\" data-lynx-mode=\"asynclazy\" data-lynx-uri=\"https:\/\/l.facebook.com\/l.php?u=http%3A%2F%2Fseminariosanamt.com.br%2Fnortenordeste&amp;h=ATNZLlHaVdWL6vCZm7A9qDOXOe4--TbHnM1hKS-3IRoh-cYThByo12M3kMH0jsGh_qGa6OQ9GJWk3r5eQVK5ZjoOFhXuqK-VwL7SEpKtP0Gd0dEbfckvIMCy5f02f9YC4CvWQiRDig\">seminariosanamt.com.br\/nortenordeste<\/a><\/p>\n<\/div>\n<p>&nbsp;<\/p>\n<p>&nbsp;<\/p>\n<p>&nbsp;<\/p>\n<p>&nbsp;<\/p>\n","protected":false},"excerpt":{"rendered":"<p>Inscreva-se j\u00e1 no Semin\u00e1rio Norte Nordeste da ANAMT para concorrer a cinco exemplares do Dicion\u00e1rio de Sa\u00fade e Seguran\u00e7a do Trabalhador, organizado pelo Prof. Ren\u00e9 Mendes. Aten\u00e7\u00e3o a promo\u00e7\u00e3o \u00e9 v\u00e1lida somente para inscri\u00e7\u00f5es at\u00e9 o fim da segunda-feira, 21 de maio. N\u00e3o perca esta oportunidade! Para mais informa\u00e7\u00f5es sobre o evento, visite o site: [&hellip;]<\/p>\n","protected":false},"author":1,"featured_media":33650,"comment_status":"closed","ping_status":"closed","sticky":false,"template":"","format":"standard","meta":{"footnotes":""},"categories":[78],"tags":[],"_links":{"self":[{"href":"https:\/\/www.anamt.org.br\/portal\/wp-json\/wp\/v2\/posts\/33648"}],"collection":[{"href":"https:\/\/www.anamt.org.br\/portal\/wp-json\/wp\/v2\/posts"}],"about":[{"href":"https:\/\/www.anamt.org.br\/portal\/wp-json\/wp\/v2\/types\/post"}],"author":[{"embeddable":true,"href":"https:\/\/www.anamt.org.br\/portal\/wp-json\/wp\/v2\/users\/1"}],"replies":[{"embeddable":true,"href":"https:\/\/www.anamt.org.br\/portal\/wp-json\/wp\/v2\/comments?post=33648"}],"version-history":[{"count":0,"href":"https:\/\/www.anamt.org.br\/portal\/wp-json\/wp\/v2\/posts\/33648\/revisions"}],"wp:featuredmedia":[{"embeddable":true,"href":"https:\/\/www.anamt.org.br\/portal\/wp-json\/wp\/v2\/media\/33650"}],"wp:attachment":[{"href":"https:\/\/www.anamt.org.br\/portal\/wp-json\/wp\/v2\/media?parent=33648"}],"wp:term":[{"taxonomy":"category","embeddable":true,"href":"https:\/\/www.anamt.org.br\/portal\/wp-json\/wp\/v2\/categories?post=33648"},{"taxonomy":"post_tag","embeddable":true,"href":"https:\/\/www.anamt.org.br\/portal\/wp-json\/wp\/v2\/tags?post=33648"}],"curies":[{"name":"wp","href":"https:\/\/api.w.org\/{rel}","templated":true}]}}