{"id":33632,"date":"2018-05-16T15:43:16","date_gmt":"2018-05-16T18:43:16","guid":{"rendered":"https:\/\/www.anamt.org.br\/portal\/?p=33632"},"modified":"2018-05-16T15:43:16","modified_gmt":"2018-05-16T18:43:16","slug":"congresso-brasileiro-de-cancerologia-discutira-o-futuro","status":"publish","type":"post","link":"https:\/\/www.anamt.org.br\/portal\/2018\/05\/16\/congresso-brasileiro-de-cancerologia-discutira-o-futuro\/","title":{"rendered":"Congresso Brasileiro de Cancerologia discutir\u00e1 o futuro"},"content":{"rendered":"<p>O XXI CONCAN \u00e9 um evento da \u00e1rea m\u00e9dica, promovido pela Sociedade Brasileira de Cancerologia, o \u00f3rg\u00e3o maior da cancerologia brasileira. Desde sua cria\u00e7\u00e3o, em 1960, re\u00fane Institutos de Pesquisa, Universidades, acad\u00eamicos, pesquisadores e gestores da sa\u00fade das principais organiza\u00e7\u00f5es do pa\u00eds, com o intuito de compartilhar as pr\u00e1ticas e avan\u00e7os cient\u00edficos que mobilizam os profissionais desta \u00e1rea da sa\u00fade.<\/p>\n<p>Nesta edi\u00e7\u00e3o, o XXI Congresso Brasileiro de Cancerologia ocorre de forma multidisciplinar, oferecendo uma programa\u00e7\u00e3o cient\u00edfica que contempla as mais diversas \u00e1reas de interesse da Cancerologia, a exemplo da Ginecologia, Ortopedia e Mastologia, bem como Radioterapia, Cuidados Paliativos, Medicina Nuclear e Psicologia, especialidades tamb\u00e9m envolvidas no atendimento das necessidades do paciente com c\u00e2ncer.<\/p>\n<p>Apresentando o tema \u201cUm olhar para o futuro e para as pessoas\u201d, as atualiza\u00e7\u00f5es e inova\u00e7\u00f5es da \u00e1rea ser\u00e3o compartilhadas com a sociedade, com a participa\u00e7\u00e3o de convidados locais, nacionais e internacionais e contribui\u00e7\u00e3o cient\u00edfica dos congressistas. A vis\u00e3o de futuro e realidade ser\u00e1 a principal diretriz do XXI CONCAN: pacientes de hoje a amanh\u00e3 \u00e0 espera de avan\u00e7os na ind\u00fastria qu\u00edmica farmac\u00eautica, inova\u00e7\u00e3o cient\u00edfica e tecnol\u00f3gica, pol\u00edticas p\u00fablicas de sa\u00fade e no setor privado que garantam a disponibilidade de novos tratamentos para a doen\u00e7a.<\/p>\n<p>O congresso dar\u00e1 oportunidade para aqueles que desejam submeter trabalhos cient\u00edficos como forma de enriquecer o debate e promover maior qualifica\u00e7\u00e3o do setor da sa\u00fade. As informa\u00e7\u00f5es a respeito dos palestrantes, programa\u00e7\u00e3o e trabalhos cient\u00edficos e inscri\u00e7\u00f5es est\u00e3o no site.<\/p>\n<p>Acesse o site e se inscreva: http:\/\/www.concanbelem2018.com.br\/<\/p>\n","protected":false},"excerpt":{"rendered":"<p>O XXI CONCAN \u00e9 um evento da \u00e1rea m\u00e9dica, promovido pela Sociedade Brasileira de Cancerologia, o \u00f3rg\u00e3o maior da cancerologia brasileira. Desde sua cria\u00e7\u00e3o, em 1960, re\u00fane Institutos de Pesquisa, Universidades, acad\u00eamicos, pesquisadores e gestores da sa\u00fade das principais organiza\u00e7\u00f5es do pa\u00eds, com o intuito de compartilhar as pr\u00e1ticas e avan\u00e7os cient\u00edficos que mobilizam os [&hellip;]<\/p>\n","protected":false},"author":1,"featured_media":33633,"comment_status":"closed","ping_status":"closed","sticky":false,"template":"","format":"standard","meta":{"footnotes":""},"categories":[78],"tags":[],"_links":{"self":[{"href":"https:\/\/www.anamt.org.br\/portal\/wp-json\/wp\/v2\/posts\/33632"}],"collection":[{"href":"https:\/\/www.anamt.org.br\/portal\/wp-json\/wp\/v2\/posts"}],"about":[{"href":"https:\/\/www.anamt.org.br\/portal\/wp-json\/wp\/v2\/types\/post"}],"author":[{"embeddable":true,"href":"https:\/\/www.anamt.org.br\/portal\/wp-json\/wp\/v2\/users\/1"}],"replies":[{"embeddable":true,"href":"https:\/\/www.anamt.org.br\/portal\/wp-json\/wp\/v2\/comments?post=33632"}],"version-history":[{"count":0,"href":"https:\/\/www.anamt.org.br\/portal\/wp-json\/wp\/v2\/posts\/33632\/revisions"}],"wp:featuredmedia":[{"embeddable":true,"href":"https:\/\/www.anamt.org.br\/portal\/wp-json\/wp\/v2\/media\/33633"}],"wp:attachment":[{"href":"https:\/\/www.anamt.org.br\/portal\/wp-json\/wp\/v2\/media?parent=33632"}],"wp:term":[{"taxonomy":"category","embeddable":true,"href":"https:\/\/www.anamt.org.br\/portal\/wp-json\/wp\/v2\/categories?post=33632"},{"taxonomy":"post_tag","embeddable":true,"href":"https:\/\/www.anamt.org.br\/portal\/wp-json\/wp\/v2\/tags?post=33632"}],"curies":[{"name":"wp","href":"https:\/\/api.w.org\/{rel}","templated":true}]}}