{"id":33565,"date":"2018-05-09T15:41:27","date_gmt":"2018-05-09T18:41:27","guid":{"rendered":"https:\/\/www.anamt.org.br\/portal\/?p=33565"},"modified":"2018-05-09T15:43:43","modified_gmt":"2018-05-09T18:43:43","slug":"presidente-da-anamt-participa-de-seminario-no-tribunal-regional-do-trabalho-da-15a-regiao","status":"publish","type":"post","link":"https:\/\/www.anamt.org.br\/portal\/2018\/05\/09\/presidente-da-anamt-participa-de-seminario-no-tribunal-regional-do-trabalho-da-15a-regiao\/","title":{"rendered":"Presidente da ANAMT participa de semin\u00e1rio no TRT da 15\u00aa Regi\u00e3o"},"content":{"rendered":"<p>Presidente da Associa\u00e7\u00e3o Nacional de Medicina do Trabalho \u2013 ANAMT e professora do Departamento de Sa\u00fade Coletiva da UNICAMP, a Dra. Marcia Bandini participou do semin\u00e1rio &#8220;Os desafios na prote\u00e7\u00e3o \u00e0 sa\u00fade e \u00e0 seguran\u00e7a do trabalhador em face da reforma trabalhista&#8221;, promovido pelo Tribunal Regional do Trabalho da 15\u00aa Regi\u00e3o (Campinas \u2013 SP) e pelo Programa Trabalho Seguro. O evento foi mais uma a\u00e7\u00e3o da campanha Abril Verde, que busca conscientizar sobre sa\u00fade e seguran\u00e7a no trabalho, e aconteceu em 27 de abril na sede do TRT-15.<\/p>\n<p>Em uma apresenta\u00e7\u00e3o marcada por gr\u00e1ficos sobre os elevados n\u00fameros de acidentes de trabalho no Brasil (foram quase 5 milh\u00f5es de ocorr\u00eancias em 2012, segundo a Pesquisa Nacional de Sa\u00fade), a Dra. Marcia Bandini destacou que a fragiliza\u00e7\u00e3o institucional \u00e9 uma das causas para este cen\u00e1rio, e mencionou fatores como a Reforma Trabalhista, a terceiriza\u00e7\u00e3o e as falhas na fiscaliza\u00e7\u00e3o de SST. Ela tamb\u00e9m criticou a \u201cjudicializa\u00e7\u00e3o\u201d da sa\u00fade do trabalhador por meio do adicional de insalubridade. Para reverter esta situa\u00e7\u00e3o, Bandini acredita em uma maior inclus\u00e3o dos trabalhadores nas pol\u00edticas de sa\u00fade e seguran\u00e7a das empresas. Ela tamb\u00e9m prop\u00f5e a cria\u00e7\u00e3o de um c\u00edrculo virtuoso, formado por ambientes de trabalho seguros e saud\u00e1veis, recursos para a sa\u00fade pessoal e envolvimento das empresas na comunidade.<\/p>\n<p>A Dra. Marcia Bandini participou do primeiro painel do semin\u00e1rio, &#8220;Os desafios da sa\u00fade e seguran\u00e7a do trabalhador&#8221;, ao lado do diretor da Escola Judicial do TRT-15, desembargador Manoel Carlos Toledo Filho,\u00a0e do professor Gilmar da Cunha Trivelato, pesquisador e docente permanente do Programa de P\u00f3s-Gradua\u00e7\u00e3o Trabalho, Sa\u00fade e Ambiente da Funda\u00e7\u00e3o Jorge Duprat Figueiredo, de Seguran\u00e7a e Medicina do Trabalho (Fundacentro).<\/p>\n<p>O semin\u00e1rio tamb\u00e9m teve painel sobre as\u00a0contradi\u00e7\u00f5es entre avan\u00e7os tecnol\u00f3gicos, sa\u00fade e seguran\u00e7a do trabalho, apresentado pelos ju\u00edzes do trabalho Firmino Alves Lima e Homero Batista Mateus da Silva, e pelo procurador do trabalho Silvio Beltramelli Neto. O semin\u00e1rio foi encerrado por painel sobre as novas formas de trabalho introduzidas pela reforma trabalhista e suas consequ\u00eancias para a seguran\u00e7a do trabalhador, apresentado pelo desembargador Fabio Grasselli, e pela m\u00e9dica \u00a0 Renata Matsmoto, chefe da Se\u00e7\u00e3o de Seguran\u00e7a e Sa\u00fade no Trabalho da Superintend\u00eancia Regional do Trabalho e Emprego (SRTE), \u00f3rg\u00e3o do Minist\u00e9rio do Trabalho (MT).<\/p>\n<p>&nbsp;<\/p>\n","protected":false},"excerpt":{"rendered":"<p>Presidente da Associa\u00e7\u00e3o Nacional de Medicina do Trabalho \u2013 ANAMT e professora do Departamento de Sa\u00fade Coletiva da UNICAMP, a Dra. Marcia Bandini participou do semin\u00e1rio &#8220;Os desafios na prote\u00e7\u00e3o \u00e0 sa\u00fade e \u00e0 seguran\u00e7a do trabalhador em face da reforma trabalhista&#8221;, promovido pelo Tribunal Regional do Trabalho da 15\u00aa Regi\u00e3o (Campinas \u2013 SP) e [&hellip;]<\/p>\n","protected":false},"author":1,"featured_media":33566,"comment_status":"closed","ping_status":"closed","sticky":false,"template":"","format":"standard","meta":{"footnotes":""},"categories":[78],"tags":[],"_links":{"self":[{"href":"https:\/\/www.anamt.org.br\/portal\/wp-json\/wp\/v2\/posts\/33565"}],"collection":[{"href":"https:\/\/www.anamt.org.br\/portal\/wp-json\/wp\/v2\/posts"}],"about":[{"href":"https:\/\/www.anamt.org.br\/portal\/wp-json\/wp\/v2\/types\/post"}],"author":[{"embeddable":true,"href":"https:\/\/www.anamt.org.br\/portal\/wp-json\/wp\/v2\/users\/1"}],"replies":[{"embeddable":true,"href":"https:\/\/www.anamt.org.br\/portal\/wp-json\/wp\/v2\/comments?post=33565"}],"version-history":[{"count":0,"href":"https:\/\/www.anamt.org.br\/portal\/wp-json\/wp\/v2\/posts\/33565\/revisions"}],"wp:featuredmedia":[{"embeddable":true,"href":"https:\/\/www.anamt.org.br\/portal\/wp-json\/wp\/v2\/media\/33566"}],"wp:attachment":[{"href":"https:\/\/www.anamt.org.br\/portal\/wp-json\/wp\/v2\/media?parent=33565"}],"wp:term":[{"taxonomy":"category","embeddable":true,"href":"https:\/\/www.anamt.org.br\/portal\/wp-json\/wp\/v2\/categories?post=33565"},{"taxonomy":"post_tag","embeddable":true,"href":"https:\/\/www.anamt.org.br\/portal\/wp-json\/wp\/v2\/tags?post=33565"}],"curies":[{"name":"wp","href":"https:\/\/api.w.org\/{rel}","templated":true}]}}