{"id":33550,"date":"2018-05-18T12:01:50","date_gmt":"2018-05-18T15:01:50","guid":{"rendered":"https:\/\/www.anamt.org.br\/portal\/?p=33550"},"modified":"2018-06-22T16:08:16","modified_gmt":"2018-06-22T19:08:16","slug":"ceip-realiza-simposio-sobre-transtornos-mentais","status":"publish","type":"post","link":"https:\/\/www.anamt.org.br\/portal\/2018\/05\/18\/ceip-realiza-simposio-sobre-transtornos-mentais\/","title":{"rendered":"CEIP realiza simp\u00f3sio sobre transtornos mentais relacionados ao trabalho"},"content":{"rendered":"<p>O Centro de Estudos do Instituto de Psiquiatria (CEIP) realizar\u00e1 o I Simp\u00f3sio de Transtornos Mentais Relacionados ao Trabalho e Psiquiatria e I Encontro dos ex-Alunos do Curso TMRT e Psicologia da Sa\u00fade Ocupacional.<\/p>\n<p>O evento ocorrer\u00e1 nos dias 29 e 30 de junho no Instituto de Psiquiatria da USP. Entre os palestrantes, a presidente da ANAMT, Dra. Marcia Bandini, e o diretor de Rela\u00e7\u00f5es Internacionais, Dr. Jo\u00e3o Silvestre da Silva Junior. Os associados da ANAMT ter\u00e3o 25% de desconto nas inscri\u00e7\u00f5es para o Simp\u00f3sio. Mais informa\u00e7\u00f5es e inscri\u00e7\u00f5es, no<a href=\"http:\/\/www.ceip.org.br\/cursos-e-eventos\/i-simposio-de-transtornos-mentais-relacionados-ao-trabalho-e-psiquiatria-e-i-encontro-de-ex-alunos-do-curso-tmrt-e-psicologia-da-saude-ocupacional\/\" target=\"_blank\" rel=\"noopener noreferrer\"><strong> site<\/strong><\/a> do curso e abaixo.<\/p>\n<p><img decoding=\"async\" class=\"size-full aligncenter\" src=\"https:\/\/www.anamt.org.br\/portal\/wp-content\/uploads\/2018\/04\/i_simposio_psicologia.jpg\" width=\"650\" height=\"875\" \/><\/p>\n","protected":false},"excerpt":{"rendered":"<p>O Centro de Estudos do Instituto de Psiquiatria (CEIP) realizar\u00e1 o I Simp\u00f3sio de Transtornos Mentais Relacionados ao Trabalho e Psiquiatria e I Encontro dos ex-Alunos do Curso TMRT e Psicologia da Sa\u00fade Ocupacional. O evento ocorrer\u00e1 nos dias 29 e 30 de junho no Instituto de Psiquiatria da USP. Entre os palestrantes, a presidente [&hellip;]<\/p>\n","protected":false},"author":1,"featured_media":33425,"comment_status":"closed","ping_status":"closed","sticky":false,"template":"","format":"standard","meta":{"footnotes":""},"categories":[78],"tags":[],"_links":{"self":[{"href":"https:\/\/www.anamt.org.br\/portal\/wp-json\/wp\/v2\/posts\/33550"}],"collection":[{"href":"https:\/\/www.anamt.org.br\/portal\/wp-json\/wp\/v2\/posts"}],"about":[{"href":"https:\/\/www.anamt.org.br\/portal\/wp-json\/wp\/v2\/types\/post"}],"author":[{"embeddable":true,"href":"https:\/\/www.anamt.org.br\/portal\/wp-json\/wp\/v2\/users\/1"}],"replies":[{"embeddable":true,"href":"https:\/\/www.anamt.org.br\/portal\/wp-json\/wp\/v2\/comments?post=33550"}],"version-history":[{"count":0,"href":"https:\/\/www.anamt.org.br\/portal\/wp-json\/wp\/v2\/posts\/33550\/revisions"}],"wp:featuredmedia":[{"embeddable":true,"href":"https:\/\/www.anamt.org.br\/portal\/wp-json\/wp\/v2\/media\/33425"}],"wp:attachment":[{"href":"https:\/\/www.anamt.org.br\/portal\/wp-json\/wp\/v2\/media?parent=33550"}],"wp:term":[{"taxonomy":"category","embeddable":true,"href":"https:\/\/www.anamt.org.br\/portal\/wp-json\/wp\/v2\/categories?post=33550"},{"taxonomy":"post_tag","embeddable":true,"href":"https:\/\/www.anamt.org.br\/portal\/wp-json\/wp\/v2\/tags?post=33550"}],"curies":[{"name":"wp","href":"https:\/\/api.w.org\/{rel}","templated":true}]}}