{"id":33534,"date":"2018-05-03T13:58:32","date_gmt":"2018-05-03T16:58:32","guid":{"rendered":"https:\/\/www.anamt.org.br\/portal\/?p=33534"},"modified":"2018-05-03T14:00:13","modified_gmt":"2018-05-03T17:00:13","slug":"apmt-realiza-vii-congresso-paulista-de-medicina-do-trabalho","status":"publish","type":"post","link":"https:\/\/www.anamt.org.br\/portal\/2018\/05\/03\/apmt-realiza-vii-congresso-paulista-de-medicina-do-trabalho\/","title":{"rendered":"APMT realiza VII Congresso Paulista de Medicina do Trabalho"},"content":{"rendered":"<p>A Associa\u00e7\u00e3o Paulista de Medicina do Trabalho (APMT) realizar\u00e1 entre os dias 17 e 19 de maio o VII Congresso Paulista de Medicina do Trabalho, cujo tema ser\u00e1 O M\u00e9dico do Trabalho como Gestor de Sa\u00fade.<\/p>\n<p>As inscri\u00e7\u00f5es est\u00e3o dispon\u00edveis no<a href=\"http:\/\/congressoapmt2018.com.br\/\" target=\"_blank\" rel=\"noopener noreferrer\"> site<\/a> do evento, que reunir\u00e1 trabalhos cient\u00edficos, cursos pr\u00e9-congresso e simp\u00f3sios.<\/p>\n<p><img decoding=\"async\" class=\"alignnone size-full wp-image-33535\" src=\"https:\/\/www.anamt.org.br\/portal\/wp-content\/uploads\/2018\/05\/EMKT_CPMT.jpg\" alt=\"\" width=\"800\" height=\"1404\" srcset=\"https:\/\/www.anamt.org.br\/portal\/wp-content\/uploads\/2018\/05\/EMKT_CPMT-171x300.jpg 171w, https:\/\/www.anamt.org.br\/portal\/wp-content\/uploads\/2018\/05\/EMKT_CPMT-200x351.jpg 200w, https:\/\/www.anamt.org.br\/portal\/wp-content\/uploads\/2018\/05\/EMKT_CPMT-400x702.jpg 400w, https:\/\/www.anamt.org.br\/portal\/wp-content\/uploads\/2018\/05\/EMKT_CPMT-583x1024.jpg 583w, https:\/\/www.anamt.org.br\/portal\/wp-content\/uploads\/2018\/05\/EMKT_CPMT-600x1053.jpg 600w, https:\/\/www.anamt.org.br\/portal\/wp-content\/uploads\/2018\/05\/EMKT_CPMT-768x1348.jpg 768w, https:\/\/www.anamt.org.br\/portal\/wp-content\/uploads\/2018\/05\/EMKT_CPMT.jpg 800w\" sizes=\"(max-width: 800px) 100vw, 800px\" \/><\/p>\n","protected":false},"excerpt":{"rendered":"<p>A Associa\u00e7\u00e3o Paulista de Medicina do Trabalho (APMT) realizar\u00e1 entre os dias 17 e 19 de maio o VII Congresso Paulista de Medicina do Trabalho, cujo tema ser\u00e1 O M\u00e9dico do Trabalho como Gestor de Sa\u00fade. As inscri\u00e7\u00f5es est\u00e3o dispon\u00edveis no site do evento, que reunir\u00e1 trabalhos cient\u00edficos, cursos pr\u00e9-congresso e simp\u00f3sios.<\/p>\n","protected":false},"author":1,"featured_media":33536,"comment_status":"closed","ping_status":"closed","sticky":false,"template":"","format":"standard","meta":{"footnotes":""},"categories":[78],"tags":[],"_links":{"self":[{"href":"https:\/\/www.anamt.org.br\/portal\/wp-json\/wp\/v2\/posts\/33534"}],"collection":[{"href":"https:\/\/www.anamt.org.br\/portal\/wp-json\/wp\/v2\/posts"}],"about":[{"href":"https:\/\/www.anamt.org.br\/portal\/wp-json\/wp\/v2\/types\/post"}],"author":[{"embeddable":true,"href":"https:\/\/www.anamt.org.br\/portal\/wp-json\/wp\/v2\/users\/1"}],"replies":[{"embeddable":true,"href":"https:\/\/www.anamt.org.br\/portal\/wp-json\/wp\/v2\/comments?post=33534"}],"version-history":[{"count":0,"href":"https:\/\/www.anamt.org.br\/portal\/wp-json\/wp\/v2\/posts\/33534\/revisions"}],"wp:featuredmedia":[{"embeddable":true,"href":"https:\/\/www.anamt.org.br\/portal\/wp-json\/wp\/v2\/media\/33536"}],"wp:attachment":[{"href":"https:\/\/www.anamt.org.br\/portal\/wp-json\/wp\/v2\/media?parent=33534"}],"wp:term":[{"taxonomy":"category","embeddable":true,"href":"https:\/\/www.anamt.org.br\/portal\/wp-json\/wp\/v2\/categories?post=33534"},{"taxonomy":"post_tag","embeddable":true,"href":"https:\/\/www.anamt.org.br\/portal\/wp-json\/wp\/v2\/tags?post=33534"}],"curies":[{"name":"wp","href":"https:\/\/api.w.org\/{rel}","templated":true}]}}