{"id":33508,"date":"2018-04-27T14:02:02","date_gmt":"2018-04-27T17:02:02","guid":{"rendered":"https:\/\/www.anamt.org.br\/portal\/?p=33508"},"modified":"2018-04-27T14:04:33","modified_gmt":"2018-04-27T17:04:33","slug":"camara-federal-aumenta-pena-para-lesao-corporal-ameaca-e-desacato-contra-medicos","status":"publish","type":"post","link":"https:\/\/www.anamt.org.br\/portal\/2018\/04\/27\/camara-federal-aumenta-pena-para-lesao-corporal-ameaca-e-desacato-contra-medicos\/","title":{"rendered":"C\u00e2mara aumenta pena para les\u00e3o corporal, amea\u00e7a e desacato contra m\u00e9dicos"},"content":{"rendered":"<p>A Comiss\u00e3o de Constitui\u00e7\u00e3o e Justi\u00e7a e de Cidadania aprovou proposta que aumenta em 1\/3 as penas para os crimes contra a honra (cal\u00fania, inj\u00faria e difama\u00e7\u00e3o), de les\u00e3o corporal, de amea\u00e7a e de desacato, quando cometidos contra m\u00e9dicos e demais profissionais da \u00e1rea de sa\u00fade no exerc\u00edcio da profiss\u00e3o. S\u00e3o acrescentados dispositivos ao C\u00f3digo Penal (Decreto-Lei 2.848\/40).<\/p>\n<p>O texto aprovado \u00e9 o substitutivo do relator, deputado Hiran Gon\u00e7alves (PP-RR), ao Projeto de Lei 6749\/16, do deputado Goulart (PSD-SP), e ao PL 7269\/17, apensado. O relator n\u00e3o fez mudan\u00e7as no projeto original. Segundo ele, apresentou substitutivo apenas para que a proposta apensada tamb\u00e9m fosse aprovada.<\/p>\n<p>Gon\u00e7alves cita sondagem realizada em 2017 pelo Conselho Regional de Enfermagem de S\u00e3o Paulo e pelo Conselho Regional de Medicina do Estado de S\u00e3o Paulo, na qual 77,7% dos m\u00e9dicos e 73,6% dos enfermeiros disseram ter sofrido pelo menos uma vez viol\u00eancia no trabalho.<\/p>\n<p>Para o parlamentar, a viol\u00eancia \u201cpode implicar na capacidade do trabalhador em realizar suas atividades cotidianas, o que gera impactos em sua qualidade de vida e no pr\u00f3prio sistema de sa\u00fade.<\/p>\n<h3>Tramita\u00e7\u00e3o<\/h3>\n<p>O projeto ser\u00e1 analisado pelo Plen\u00e1rio.<\/p>\n<p><em>(Fonte: C\u00e2mara Not\u00edcias)<\/em><\/p>\n","protected":false},"excerpt":{"rendered":"<p>A Comiss\u00e3o de Constitui\u00e7\u00e3o e Justi\u00e7a e de Cidadania aprovou proposta que aumenta em 1\/3 as penas para os crimes contra a honra (cal\u00fania, inj\u00faria e difama\u00e7\u00e3o), de les\u00e3o corporal, de amea\u00e7a e de desacato, quando cometidos contra m\u00e9dicos e demais profissionais da \u00e1rea de sa\u00fade no exerc\u00edcio da profiss\u00e3o. S\u00e3o acrescentados dispositivos ao C\u00f3digo [&hellip;]<\/p>\n","protected":false},"author":1,"featured_media":31750,"comment_status":"closed","ping_status":"closed","sticky":false,"template":"","format":"standard","meta":{"footnotes":""},"categories":[79],"tags":[],"_links":{"self":[{"href":"https:\/\/www.anamt.org.br\/portal\/wp-json\/wp\/v2\/posts\/33508"}],"collection":[{"href":"https:\/\/www.anamt.org.br\/portal\/wp-json\/wp\/v2\/posts"}],"about":[{"href":"https:\/\/www.anamt.org.br\/portal\/wp-json\/wp\/v2\/types\/post"}],"author":[{"embeddable":true,"href":"https:\/\/www.anamt.org.br\/portal\/wp-json\/wp\/v2\/users\/1"}],"replies":[{"embeddable":true,"href":"https:\/\/www.anamt.org.br\/portal\/wp-json\/wp\/v2\/comments?post=33508"}],"version-history":[{"count":0,"href":"https:\/\/www.anamt.org.br\/portal\/wp-json\/wp\/v2\/posts\/33508\/revisions"}],"wp:featuredmedia":[{"embeddable":true,"href":"https:\/\/www.anamt.org.br\/portal\/wp-json\/wp\/v2\/media\/31750"}],"wp:attachment":[{"href":"https:\/\/www.anamt.org.br\/portal\/wp-json\/wp\/v2\/media?parent=33508"}],"wp:term":[{"taxonomy":"category","embeddable":true,"href":"https:\/\/www.anamt.org.br\/portal\/wp-json\/wp\/v2\/categories?post=33508"},{"taxonomy":"post_tag","embeddable":true,"href":"https:\/\/www.anamt.org.br\/portal\/wp-json\/wp\/v2\/tags?post=33508"}],"curies":[{"name":"wp","href":"https:\/\/api.w.org\/{rel}","templated":true}]}}