{"id":33420,"date":"2018-04-17T15:02:15","date_gmt":"2018-04-17T18:02:15","guid":{"rendered":"https:\/\/www.anamt.org.br\/portal\/?p=33420"},"modified":"2018-04-17T15:04:10","modified_gmt":"2018-04-17T18:04:10","slug":"i-simposio-de-transtornos-mentais-relacionados-ao-trabalho-e-psiquiatria-do-trabalho","status":"publish","type":"post","link":"https:\/\/www.anamt.org.br\/portal\/2018\/04\/17\/i-simposio-de-transtornos-mentais-relacionados-ao-trabalho-e-psiquiatria-do-trabalho\/","title":{"rendered":"I Simp\u00f3sio de Transtornos Mentais da USP: sorteio de inscri\u00e7\u00f5es"},"content":{"rendered":"<p>O Instituto de Psiquiatria do Hospital das Cl\u00ednicas da Faculdade de Medicina da USP realizar\u00e1, nos dias 29 e 30 de junho, o I Simp\u00f3sio de Transtornos Mentais Relacionados ao Trabalho e Psiquiatria do Trabalho. O simp\u00f3sio \u00e9 uma excelente oportunidade para M\u00e9dicos do Trabalho se aprofundarem no tema, cada vez mais relevante diante dos novos desafios que os trabalhadores enfrentam no mercado.<\/p>\n<p>Em vista disso, a ANAMT sortear\u00e1 tr\u00eas inscri\u00e7\u00f5es para os associados adimplentes participarem do evento. O sorteio ser\u00e1 realizado na sexta-feira, \u00e0s 16h, e transmitido ao vivo pelo <a href=\"https:\/\/www.facebook.com\/anamt.org.br\/\" target=\"_blank\" rel=\"noopener noreferrer\">Facebook da Associa\u00e7\u00e3o<\/a>!<\/p>\n<p><img decoding=\"async\" class=\"alignnone size-full wp-image-33424\" src=\"https:\/\/www.anamt.org.br\/portal\/wp-content\/uploads\/2018\/04\/i_simposio_psicologia.jpg\" alt=\"\" width=\"650\" height=\"875\" srcset=\"https:\/\/www.anamt.org.br\/portal\/wp-content\/uploads\/2018\/04\/i_simposio_psicologia-200x269.jpg 200w, https:\/\/www.anamt.org.br\/portal\/wp-content\/uploads\/2018\/04\/i_simposio_psicologia-223x300.jpg 223w, https:\/\/www.anamt.org.br\/portal\/wp-content\/uploads\/2018\/04\/i_simposio_psicologia-400x538.jpg 400w, https:\/\/www.anamt.org.br\/portal\/wp-content\/uploads\/2018\/04\/i_simposio_psicologia-600x808.jpg 600w, https:\/\/www.anamt.org.br\/portal\/wp-content\/uploads\/2018\/04\/i_simposio_psicologia.jpg 650w\" sizes=\"(max-width: 650px) 100vw, 650px\" \/><\/p>\n","protected":false},"excerpt":{"rendered":"<p>O Instituto de Psiquiatria do Hospital das Cl\u00ednicas da Faculdade de Medicina da USP realizar\u00e1, nos dias 29 e 30 de junho, o I Simp\u00f3sio de Transtornos Mentais Relacionados ao Trabalho e Psiquiatria do Trabalho. O simp\u00f3sio \u00e9 uma excelente oportunidade para M\u00e9dicos do Trabalho se aprofundarem no tema, cada vez mais relevante diante dos [&hellip;]<\/p>\n","protected":false},"author":1,"featured_media":33425,"comment_status":"closed","ping_status":"closed","sticky":false,"template":"","format":"standard","meta":{"footnotes":""},"categories":[78],"tags":[],"_links":{"self":[{"href":"https:\/\/www.anamt.org.br\/portal\/wp-json\/wp\/v2\/posts\/33420"}],"collection":[{"href":"https:\/\/www.anamt.org.br\/portal\/wp-json\/wp\/v2\/posts"}],"about":[{"href":"https:\/\/www.anamt.org.br\/portal\/wp-json\/wp\/v2\/types\/post"}],"author":[{"embeddable":true,"href":"https:\/\/www.anamt.org.br\/portal\/wp-json\/wp\/v2\/users\/1"}],"replies":[{"embeddable":true,"href":"https:\/\/www.anamt.org.br\/portal\/wp-json\/wp\/v2\/comments?post=33420"}],"version-history":[{"count":0,"href":"https:\/\/www.anamt.org.br\/portal\/wp-json\/wp\/v2\/posts\/33420\/revisions"}],"wp:featuredmedia":[{"embeddable":true,"href":"https:\/\/www.anamt.org.br\/portal\/wp-json\/wp\/v2\/media\/33425"}],"wp:attachment":[{"href":"https:\/\/www.anamt.org.br\/portal\/wp-json\/wp\/v2\/media?parent=33420"}],"wp:term":[{"taxonomy":"category","embeddable":true,"href":"https:\/\/www.anamt.org.br\/portal\/wp-json\/wp\/v2\/categories?post=33420"},{"taxonomy":"post_tag","embeddable":true,"href":"https:\/\/www.anamt.org.br\/portal\/wp-json\/wp\/v2\/tags?post=33420"}],"curies":[{"name":"wp","href":"https:\/\/api.w.org\/{rel}","templated":true}]}}