{"id":33129,"date":"2018-03-14T14:32:43","date_gmt":"2018-03-14T17:32:43","guid":{"rendered":"https:\/\/www.anamt.org.br\/portal\/?p=33129"},"modified":"2018-03-14T14:32:43","modified_gmt":"2018-03-14T17:32:43","slug":"62o-forum-acidentes-do-trabalho-debate-experiencias-de-sucesso-em-sst","status":"publish","type":"post","link":"https:\/\/www.anamt.org.br\/portal\/2018\/03\/14\/62o-forum-acidentes-do-trabalho-debate-experiencias-de-sucesso-em-sst\/","title":{"rendered":"62\u00ba F\u00f3rum Acidentes do Trabalho debate experi\u00eancias de sucesso em SST"},"content":{"rendered":"<p>Apesar das diferen\u00e7as entre os sistemas legais americano e brasileiro, h\u00e1 experi\u00eancias bem sucedidas no campo da Sa\u00fade e Seguran\u00e7a do Trabalho nos EUA que merecem divulga\u00e7\u00e3o e estudo, podendo inspirar iniciativas semelhantes no Brasil. Para debater esses projetos, o 62\u00ba F\u00f3rum Acidentes do Trabalho reuniu, no dia 12 de mar\u00e7o, especialistas dedicados ao aperfei\u00e7oamento da preven\u00e7\u00e3o de acidentes e doen\u00e7as ocupacionais no Audit\u00f3rio Jo\u00e3o Yunes, da Faculdade de Sa\u00fade P\u00fablica da USP.<\/p>\n<p>A mesa de debates com convidados que discutiram o contexto do tema no Brasil contou com a participa\u00e7\u00e3o da presidente da ANAMT, Dra. Marcia Bandini. O editor chefe da <em>Revista Brasileira de Medicina do Trabalho<\/em>, Prof. Ren\u00e9 Mendes, fez o pr\u00e9-lan\u00e7amento do <em>Dicion\u00e1rio de Sa\u00fade e Seguran\u00e7a do Trabalhador: conceitos, defini\u00e7\u00f5es, hist\u00f3ria e cultura.<\/em><\/p>\n<p><img decoding=\"async\" class=\"aligncenter wp-image-33130 size-full\" src=\"https:\/\/www.anamt.org.br\/portal\/wp-content\/uploads\/2018\/03\/62\u00ba-F\u00f3rum-Acidentes-do-Trabalho.jpg\" alt=\"\" width=\"650\" height=\"366\" srcset=\"https:\/\/www.anamt.org.br\/portal\/wp-content\/uploads\/2018\/03\/62\u00ba-F\u00f3rum-Acidentes-do-Trabalho-200x113.jpg 200w, https:\/\/www.anamt.org.br\/portal\/wp-content\/uploads\/2018\/03\/62\u00ba-F\u00f3rum-Acidentes-do-Trabalho-300x169.jpg 300w, https:\/\/www.anamt.org.br\/portal\/wp-content\/uploads\/2018\/03\/62\u00ba-F\u00f3rum-Acidentes-do-Trabalho-400x225.jpg 400w, https:\/\/www.anamt.org.br\/portal\/wp-content\/uploads\/2018\/03\/62\u00ba-F\u00f3rum-Acidentes-do-Trabalho-600x338.jpg 600w, https:\/\/www.anamt.org.br\/portal\/wp-content\/uploads\/2018\/03\/62\u00ba-F\u00f3rum-Acidentes-do-Trabalho.jpg 650w\" sizes=\"(max-width: 650px) 100vw, 650px\" \/><\/p>\n<p style=\"text-align: center;\"><em>Mesa de debates contou com a participa\u00e7\u00e3o da presidente da ANAMT, Dra. Marcia Bandini<\/em><\/p>\n","protected":false},"excerpt":{"rendered":"<p>Apesar das diferen\u00e7as entre os sistemas legais americano e brasileiro, h\u00e1 experi\u00eancias bem sucedidas no campo da Sa\u00fade e Seguran\u00e7a do Trabalho nos EUA que merecem divulga\u00e7\u00e3o e estudo, podendo inspirar iniciativas semelhantes no Brasil. Para debater esses projetos, o 62\u00ba F\u00f3rum Acidentes do Trabalho reuniu, no dia 12 de mar\u00e7o, especialistas dedicados ao aperfei\u00e7oamento [&hellip;]<\/p>\n","protected":false},"author":1,"featured_media":33131,"comment_status":"closed","ping_status":"closed","sticky":false,"template":"","format":"standard","meta":{"footnotes":""},"categories":[78],"tags":[],"_links":{"self":[{"href":"https:\/\/www.anamt.org.br\/portal\/wp-json\/wp\/v2\/posts\/33129"}],"collection":[{"href":"https:\/\/www.anamt.org.br\/portal\/wp-json\/wp\/v2\/posts"}],"about":[{"href":"https:\/\/www.anamt.org.br\/portal\/wp-json\/wp\/v2\/types\/post"}],"author":[{"embeddable":true,"href":"https:\/\/www.anamt.org.br\/portal\/wp-json\/wp\/v2\/users\/1"}],"replies":[{"embeddable":true,"href":"https:\/\/www.anamt.org.br\/portal\/wp-json\/wp\/v2\/comments?post=33129"}],"version-history":[{"count":0,"href":"https:\/\/www.anamt.org.br\/portal\/wp-json\/wp\/v2\/posts\/33129\/revisions"}],"wp:featuredmedia":[{"embeddable":true,"href":"https:\/\/www.anamt.org.br\/portal\/wp-json\/wp\/v2\/media\/33131"}],"wp:attachment":[{"href":"https:\/\/www.anamt.org.br\/portal\/wp-json\/wp\/v2\/media?parent=33129"}],"wp:term":[{"taxonomy":"category","embeddable":true,"href":"https:\/\/www.anamt.org.br\/portal\/wp-json\/wp\/v2\/categories?post=33129"},{"taxonomy":"post_tag","embeddable":true,"href":"https:\/\/www.anamt.org.br\/portal\/wp-json\/wp\/v2\/tags?post=33129"}],"curies":[{"name":"wp","href":"https:\/\/api.w.org\/{rel}","templated":true}]}}