{"id":32798,"date":"2018-01-22T14:19:56","date_gmt":"2018-01-22T16:19:56","guid":{"rendered":"https:\/\/www.anamt.org.br\/portal\/?p=32798"},"modified":"2018-03-15T20:15:42","modified_gmt":"2018-03-15T23:15:42","slug":"edital-da-xliv-prova-de-titulo-de-especialista-e-divulgado","status":"publish","type":"post","link":"https:\/\/www.anamt.org.br\/portal\/2018\/01\/22\/edital-da-xliv-prova-de-titulo-de-especialista-e-divulgado\/","title":{"rendered":"XLIV Prova de T\u00edtulo de Especialista: inscri\u00e7\u00f5es s\u00e3o prorrogadas at\u00e9 16 de mar\u00e7o"},"content":{"rendered":"<p>As inscri\u00e7\u00f5es para a XLIV Prova de T\u00edtulo de Especialista em Medicina do Trabalho foram prorrogadas impreterivelmente at\u00e9 o dia 16 de mar\u00e7o. O exame, voltado para a categoria especial SESMT, ser\u00e1 aplicado nos dias 26 e 27 de maio em quatro cidades: Bras\u00edlia (DF), Fortaleza (CE), Porto Alegre (RS), S\u00e3o Paulo (SP), com etapas pr\u00e1tica e te\u00f3rica. As informa\u00e7\u00f5es sobre\u00a0a prova est\u00e3o dispon\u00edveis no <a href=\"http:\/\/www.anamt.org.br\/site\/upload_arquivos\/xliv_prova_de_titulo_de_especialista_22120181057207055475.pdf\" target=\"_blank\" rel=\"noopener noreferrer\">edital<\/a>. Originalmente, as inscri\u00e7\u00f5es se encerrariam no dia 15, mas o alto volume de\u00a0acessos no \u00faltimo dia causou instabilidades ao longo da quinta-feira. Para n\u00e3o prejudicar aqueles que tiveram dificuldades para acessar o site, elas foram prorrogadas por mais 24 horas.<\/p>\n<p>A prova \u00e9 exclusiva para m\u00e9dicos do Servi\u00e7o Especializado em Engenharia de Seguran\u00e7a e em Medicina do Trabalho (SESMT) que ainda n\u00e3o t\u00eam o T\u00edtulo de Especialista em Medicina do Trabalho.\u00a0Devido ao n\u00famero significativo de m\u00e9dicos sem o t\u00edtulo que integram o SESMT, a ANAMT, o Conselho Federal de Medicina (CFM) e a Associa\u00e7\u00e3o M\u00e9dica Brasileira (AMB) decidiram realizar uma prova espec\u00edfica para estes profissionais. Eles foram enquadrados em uma categoria especial em fun\u00e7\u00e3o da possibilidade de perda de emprego, caso n\u00e3o regularizem sua situa\u00e7\u00e3o. De acordo com a Portaria n\u00ba 2018\/2014 do Minist\u00e9rio do Trabalho e Emprego, integrantes do SESMT t\u00eam at\u00e9 dezembro de 2018 para regularizar sua situa\u00e7\u00e3o.<\/p>\n<p>Para mais informa\u00e7\u00f5es sobre os profissionais que se enquadram nesta categoria e como eles devem proceder para a inscri\u00e7\u00e3o, confira o <a href=\"https:\/\/www.anamt.org.br\/portal\/wp-content\/uploads\/2018\/01\/ANAMT_Documento_v4.pdf\" target=\"_blank\" rel=\"noopener noreferrer\">documento de Perguntas Frequentes da XLIV Prova de T\u00edtulo de Especialista<\/a>.<\/p>\n<p>As inscri\u00e7\u00f5es podem ser feitas\u00a0<a href=\"http:\/\/provadetitulo.sistemasanamt.org.br\/inscricoes\/cad_inscricao.aspx\" target=\"_blank\" rel=\"noopener noreferrer\">nesta<\/a> p\u00e1gina.<\/p>\n<p>Leia tamb\u00e9m:<\/p>\n<ul>\n<li><a href=\"https:\/\/www.anamt.org.br\/portal\/2018\/02\/05\/nota-de-esclarecimento-prova-de-titulo-de-especialista\/\">Nota de Esclarecimento: Prova de T\u00edtulo de Especialista<\/a><\/li>\n<\/ul>\n","protected":false},"excerpt":{"rendered":"<p>As inscri\u00e7\u00f5es para a XLIV Prova de T\u00edtulo de Especialista em Medicina do Trabalho foram prorrogadas impreterivelmente at\u00e9 o dia 16 de mar\u00e7o. O exame, voltado para a categoria especial SESMT, ser\u00e1 aplicado nos dias 26 e 27 de maio em quatro cidades: Bras\u00edlia (DF), Fortaleza (CE), Porto Alegre (RS), S\u00e3o Paulo (SP), com etapas [&hellip;]<\/p>\n","protected":false},"author":1,"featured_media":0,"comment_status":"closed","ping_status":"closed","sticky":false,"template":"","format":"standard","meta":{"footnotes":""},"categories":[77],"tags":[],"_links":{"self":[{"href":"https:\/\/www.anamt.org.br\/portal\/wp-json\/wp\/v2\/posts\/32798"}],"collection":[{"href":"https:\/\/www.anamt.org.br\/portal\/wp-json\/wp\/v2\/posts"}],"about":[{"href":"https:\/\/www.anamt.org.br\/portal\/wp-json\/wp\/v2\/types\/post"}],"author":[{"embeddable":true,"href":"https:\/\/www.anamt.org.br\/portal\/wp-json\/wp\/v2\/users\/1"}],"replies":[{"embeddable":true,"href":"https:\/\/www.anamt.org.br\/portal\/wp-json\/wp\/v2\/comments?post=32798"}],"version-history":[{"count":0,"href":"https:\/\/www.anamt.org.br\/portal\/wp-json\/wp\/v2\/posts\/32798\/revisions"}],"wp:attachment":[{"href":"https:\/\/www.anamt.org.br\/portal\/wp-json\/wp\/v2\/media?parent=32798"}],"wp:term":[{"taxonomy":"category","embeddable":true,"href":"https:\/\/www.anamt.org.br\/portal\/wp-json\/wp\/v2\/categories?post=32798"},{"taxonomy":"post_tag","embeddable":true,"href":"https:\/\/www.anamt.org.br\/portal\/wp-json\/wp\/v2\/tags?post=32798"}],"curies":[{"name":"wp","href":"https:\/\/api.w.org\/{rel}","templated":true}]}}