{"id":32287,"date":"2018-01-16T10:07:23","date_gmt":"2018-01-16T12:07:23","guid":{"rendered":"https:\/\/www.anamt.org.br\/portal\/?p=32287"},"modified":"2018-01-16T10:09:50","modified_gmt":"2018-01-16T12:09:50","slug":"apamt-realiza-i-encontro-brasileiro-de-gestao-da-sinistralidade-em-saude-suplementar","status":"publish","type":"post","link":"https:\/\/www.anamt.org.br\/portal\/2018\/01\/16\/apamt-realiza-i-encontro-brasileiro-de-gestao-da-sinistralidade-em-saude-suplementar\/","title":{"rendered":"APAMT realiza evento sobre Gest\u00e3o da Sinistralidade em Sa\u00fade"},"content":{"rendered":"<p>A Associa\u00e7\u00e3o Paranaense de Medicina do Trabalho (APMT) realizar\u00e1 entre 13 e 14 de abril, em Curitiba (PR) o I Encontro Brasileiro de Gest\u00e3o da Sinistralidade em Sa\u00fade Suplementar. A presidente da ANAMT, Dra. Marcia Bandini, ser\u00e1 uma das palestrantes do evento, no qual abordar\u00e1 o tema Sustentabilidade de planos de sa\u00fade e gest\u00e3o t\u00e9cnica da sinistralidade: medicina do futuro ou futuro da medicina.<\/p>\n<p>A programa\u00e7\u00e3o est\u00e1 dispon\u00edvel a seguir. Mais informa\u00e7\u00f5es, no <a href=\"http:\/\/www.apamt.org.br\/evento_det.php?cod=82\" target=\"_blank\" rel=\"noopener noreferrer\">site<\/a> da APAMT.<\/p>\n<p><img decoding=\"async\" class=\"alignnone size-full wp-image-32289\" src=\"https:\/\/www.anamt.org.br\/portal\/wp-content\/uploads\/2018\/01\/Gestao-de-Sinistralidade-em-Sa\u00fade-Suplementar-news-3.jpg\" alt=\"\" width=\"800\" height=\"2394\" srcset=\"https:\/\/www.anamt.org.br\/portal\/wp-content\/uploads\/2018\/01\/Gestao-de-Sinistralidade-em-Sa\u00fade-Suplementar-news-3-100x300.jpg 100w, https:\/\/www.anamt.org.br\/portal\/wp-content\/uploads\/2018\/01\/Gestao-de-Sinistralidade-em-Sa\u00fade-Suplementar-news-3-200x599.jpg 200w, https:\/\/www.anamt.org.br\/portal\/wp-content\/uploads\/2018\/01\/Gestao-de-Sinistralidade-em-Sa\u00fade-Suplementar-news-3-342x1024.jpg 342w, https:\/\/www.anamt.org.br\/portal\/wp-content\/uploads\/2018\/01\/Gestao-de-Sinistralidade-em-Sa\u00fade-Suplementar-news-3-400x1197.jpg 400w, https:\/\/www.anamt.org.br\/portal\/wp-content\/uploads\/2018\/01\/Gestao-de-Sinistralidade-em-Sa\u00fade-Suplementar-news-3-600x1796.jpg 600w, https:\/\/www.anamt.org.br\/portal\/wp-content\/uploads\/2018\/01\/Gestao-de-Sinistralidade-em-Sa\u00fade-Suplementar-news-3-768x2298.jpg 768w, https:\/\/www.anamt.org.br\/portal\/wp-content\/uploads\/2018\/01\/Gestao-de-Sinistralidade-em-Sa\u00fade-Suplementar-news-3.jpg 800w\" sizes=\"(max-width: 800px) 100vw, 800px\" \/><\/p>\n","protected":false},"excerpt":{"rendered":"<p>A Associa\u00e7\u00e3o Paranaense de Medicina do Trabalho (APMT) realizar\u00e1 entre 13 e 14 de abril, em Curitiba (PR) o I Encontro Brasileiro de Gest\u00e3o da Sinistralidade em Sa\u00fade Suplementar. A presidente da ANAMT, Dra. Marcia Bandini, ser\u00e1 uma das palestrantes do evento, no qual abordar\u00e1 o tema Sustentabilidade de planos de sa\u00fade e gest\u00e3o t\u00e9cnica [&hellip;]<\/p>\n","protected":false},"author":1,"featured_media":32288,"comment_status":"closed","ping_status":"closed","sticky":false,"template":"","format":"standard","meta":{"footnotes":""},"categories":[217],"tags":[],"_links":{"self":[{"href":"https:\/\/www.anamt.org.br\/portal\/wp-json\/wp\/v2\/posts\/32287"}],"collection":[{"href":"https:\/\/www.anamt.org.br\/portal\/wp-json\/wp\/v2\/posts"}],"about":[{"href":"https:\/\/www.anamt.org.br\/portal\/wp-json\/wp\/v2\/types\/post"}],"author":[{"embeddable":true,"href":"https:\/\/www.anamt.org.br\/portal\/wp-json\/wp\/v2\/users\/1"}],"replies":[{"embeddable":true,"href":"https:\/\/www.anamt.org.br\/portal\/wp-json\/wp\/v2\/comments?post=32287"}],"version-history":[{"count":0,"href":"https:\/\/www.anamt.org.br\/portal\/wp-json\/wp\/v2\/posts\/32287\/revisions"}],"wp:featuredmedia":[{"embeddable":true,"href":"https:\/\/www.anamt.org.br\/portal\/wp-json\/wp\/v2\/media\/32288"}],"wp:attachment":[{"href":"https:\/\/www.anamt.org.br\/portal\/wp-json\/wp\/v2\/media?parent=32287"}],"wp:term":[{"taxonomy":"category","embeddable":true,"href":"https:\/\/www.anamt.org.br\/portal\/wp-json\/wp\/v2\/categories?post=32287"},{"taxonomy":"post_tag","embeddable":true,"href":"https:\/\/www.anamt.org.br\/portal\/wp-json\/wp\/v2\/tags?post=32287"}],"curies":[{"name":"wp","href":"https:\/\/api.w.org\/{rel}","templated":true}]}}