{"id":32206,"date":"2018-01-04T13:05:56","date_gmt":"2018-01-04T15:05:56","guid":{"rendered":"https:\/\/www.anamt.org.br\/portal\/?p=32206"},"modified":"2018-01-12T15:11:56","modified_gmt":"2018-01-12T17:11:56","slug":"ronaldo-nogueira-pede-demissao-do-ministerio-do-trabalho","status":"publish","type":"post","link":"https:\/\/www.anamt.org.br\/portal\/2018\/01\/04\/ronaldo-nogueira-pede-demissao-do-ministerio-do-trabalho\/","title":{"rendered":"Ronaldo Nogueira pede demiss\u00e3o do minist\u00e9rio do Trabalho"},"content":{"rendered":"<div class=\"mc-column content-text active-extra-styles active-capital-letter\" data-block-type=\"unstyled\" data-block-weight=\"21\" data-block-id=\"2\">\n<p class=\"content-text__container theme-color-primary-first-letter\" data-track-category=\"Link no Texto\" data-track-links=\"\">O ministro do Trabalho, Ronaldo Nogueira, pediu demiss\u00e3o do cargo nesta quarta-feira (27). A informa\u00e7\u00e3o foi confirmada pelo Pal\u00e1cio do Planalto.<\/p>\n<\/div>\n<div class=\"mc-column content-text active-extra-styles \" data-block-type=\"unstyled\" data-block-weight=\"49\" data-block-id=\"3\">\n<p class=\"content-text__container \" data-track-category=\"Link no Texto\" data-track-links=\"\">O an\u00fancio foi feito ap\u00f3s uma reuni\u00e3o entre Nogueira e o presidente Michel Temer, no Pal\u00e1cio do Planalto, na tarde desta quarta. Tamb\u00e9m participaram do encontro o presidente do PTB, Roberto Jefferson, e o l\u00edder do partido na C\u00e2mara dos Deputados, Jovair Arantes. Ga\u00facho, Nogueira \u00e9 filiado ao PTB.<\/p>\n<\/div>\n<div class=\"mc-column content-text active-extra-styles \" data-block-type=\"unstyled\" data-block-weight=\"20\" data-block-id=\"4\">\n<p class=\"content-text__container \" data-track-category=\"Link no Texto\" data-track-links=\"\">A reuni\u00e3o n\u00e3o estava na agenda de Temer, mas foi inclu\u00edda ap\u00f3s o Planalto confirmar que Nogueira havia pedido demiss\u00e3o.<\/p>\n<\/div>\n<div class=\"mc-column content-text active-extra-styles \" data-block-type=\"unstyled\" data-block-weight=\"32\" data-block-id=\"5\">\n<p class=\"content-text__container \" data-track-category=\"Link no Texto\" data-track-links=\"\">Na carta de demiss\u00e3o entregue por ele a Temer, e que foi divulgada no fim da tarde desta quarta, Nogueira, deputado federal licenciado, informa que pretende se dedicar \u00e0 campanha para reelei\u00e7\u00e3o.<\/p>\n<\/div>\n<div class=\"mc-column content-text active-extra-styles \" data-block-type=\"unstyled\" data-block-weight=\"53\" data-block-id=\"6\">\n<p class=\"content-text__container \" data-track-category=\"Link no Texto\" data-track-links=\"\">&#8220;Como decidi que apresentarei meu nome \u00e0 elevada aprecia\u00e7\u00e3o do povo ga\u00facho nas elei\u00e7\u00f5es do ano que vem, e de forma coerente com aquilo que sempre preguei, venho por meio desta pedir minha exonera\u00e7\u00e3o do cargo de Ministro de Estado do Trabalho&#8221;, diz ele na carta (<em>veja a \u00edntegra ao fim da reportagem<\/em>).<\/p>\n<\/div>\n<div class=\"mc-column content-text active-extra-styles \" data-block-type=\"unstyled\" data-block-weight=\"48\" data-block-id=\"7\">\n<p class=\"content-text__container \" data-track-category=\"Link no Texto\" data-track-links=\"\">O cargo de ministro do Trabalho deve continuar com o PTB. O deputado Jovair Arantes (PTB-GO), l\u00edder da bancada na C\u00e2mara, disse que o partido indicou o nome do deputado federal Pedro Fernandes, do Maranh\u00e3o, e que a posse j\u00e1 estaria marcada para o dia 4 de janeiro.<\/p>\n<\/div>\n<div class=\"mc-column content-text active-extra-styles \" data-block-type=\"unstyled\" data-block-weight=\"19\" data-block-id=\"8\">\n<p class=\"content-text__container \" data-track-category=\"Link no Texto\" data-track-links=\"\">No fim da tarde desta quarta, o Planalto informou que o nome do novo ministro ainda n\u00e3o est\u00e1 definido.<\/p>\n<\/div>\n<div class=\"mc-column content-text active-extra-styles \" data-block-type=\"unstyled\" data-block-weight=\"46\" data-block-id=\"9\">\n<p class=\"content-text__container \" data-track-category=\"Link no Texto\" data-track-links=\"\">Arantes disse tamb\u00e9m que Nogueira deixou o governo para ficar um pouco com a fam\u00edlia e depois se dedicar \u00e0 campanha. Segundo ele, Nogueira j\u00e1 tinha inten\u00e7\u00e3o de deixar o governo em outubro, mas, atendendo a um pedido do partido, aguardou at\u00e9 o fim do ano.<\/p>\n<p class=\"content-text__container \" data-track-category=\"Link no Texto\" data-track-links=\"\"><em>(Fonte: G1)<\/em><\/p>\n<\/div>\n","protected":false},"excerpt":{"rendered":"<p>O ministro do Trabalho, Ronaldo Nogueira, pediu demiss\u00e3o do cargo nesta quarta-feira (27). A informa\u00e7\u00e3o foi confirmada pelo Pal\u00e1cio do Planalto. O an\u00fancio foi feito ap\u00f3s uma reuni\u00e3o entre Nogueira e o presidente Michel Temer, no Pal\u00e1cio do Planalto, na tarde desta quarta. Tamb\u00e9m participaram do encontro o presidente do PTB, Roberto Jefferson, e o [&hellip;]<\/p>\n","protected":false},"author":1,"featured_media":32204,"comment_status":"closed","ping_status":"closed","sticky":false,"template":"","format":"standard","meta":{"footnotes":""},"categories":[79],"tags":[],"_links":{"self":[{"href":"https:\/\/www.anamt.org.br\/portal\/wp-json\/wp\/v2\/posts\/32206"}],"collection":[{"href":"https:\/\/www.anamt.org.br\/portal\/wp-json\/wp\/v2\/posts"}],"about":[{"href":"https:\/\/www.anamt.org.br\/portal\/wp-json\/wp\/v2\/types\/post"}],"author":[{"embeddable":true,"href":"https:\/\/www.anamt.org.br\/portal\/wp-json\/wp\/v2\/users\/1"}],"replies":[{"embeddable":true,"href":"https:\/\/www.anamt.org.br\/portal\/wp-json\/wp\/v2\/comments?post=32206"}],"version-history":[{"count":0,"href":"https:\/\/www.anamt.org.br\/portal\/wp-json\/wp\/v2\/posts\/32206\/revisions"}],"wp:featuredmedia":[{"embeddable":true,"href":"https:\/\/www.anamt.org.br\/portal\/wp-json\/wp\/v2\/media\/32204"}],"wp:attachment":[{"href":"https:\/\/www.anamt.org.br\/portal\/wp-json\/wp\/v2\/media?parent=32206"}],"wp:term":[{"taxonomy":"category","embeddable":true,"href":"https:\/\/www.anamt.org.br\/portal\/wp-json\/wp\/v2\/categories?post=32206"},{"taxonomy":"post_tag","embeddable":true,"href":"https:\/\/www.anamt.org.br\/portal\/wp-json\/wp\/v2\/tags?post=32206"}],"curies":[{"name":"wp","href":"https:\/\/api.w.org\/{rel}","templated":true}]}}