{"id":32192,"date":"2017-12-26T13:44:12","date_gmt":"2017-12-26T15:44:12","guid":{"rendered":"https:\/\/www.anamt.org.br\/portal\/?p=32192"},"modified":"2017-12-26T13:44:12","modified_gmt":"2017-12-26T15:44:12","slug":"esocial-comite-gestor-aprova-novo-leiaute-2-4-01-do-programa","status":"publish","type":"post","link":"https:\/\/www.anamt.org.br\/portal\/2017\/12\/26\/esocial-comite-gestor-aprova-novo-leiaute-2-4-01-do-programa\/","title":{"rendered":"eSocial: Comit\u00ea Gestor aprova novo leiaute 2.4.01 do programa"},"content":{"rendered":"<p>O Comit\u00ea Gestor do eSocial aprovou o leiaute 2.4.01 do eSocial. A aprova\u00e7\u00e3o foi publicada hoje, dia 18, na se\u00e7\u00e3o 1 do Di\u00e1rio Oficial da Uni\u00e3o, na resolu\u00e7\u00e3o n\u00ba 12, de 12 de dezembro de 2017. Os leiautes j\u00e1 est\u00e3o dispon\u00edveis no site <a href=\"http:\/\/www.esocial.gov.br\">www.esocial.gov.br<\/a>.<\/p>\n<p>Lembrando que o eSocial ser\u00e1 instaurado em cinco fases a partir do primeiro semestre de 2018. Neste primeiro momento, a medida \u00e9 voltada para empresas com faturamento superior a R$ 78 milh\u00f5es anuais, que passam ter a utiliza\u00e7\u00e3o obrigat\u00f3ria do programa a partir de 8 de janeiro de 2018. Esse grupo representa 13.707 mil empresas e cerca de 15 milh\u00f5es de trabalhadores, o que representa aproximadamente 1\/3 do total de trabalhadores do pa\u00eds.<\/p>\n<p>A resolu\u00e7\u00e3o n\u00ba 12 pode ser conferida <a href=\"http:\/\/www.protecao.com.br\/_system\/scripts\/download.php?file=upload\/protecao_galeriaarquivo\/1212.pdf\">aqui<\/a>.<\/p>\n<p><em>(Fonte: Revista Prote\u00e7\u00e3o)<\/em><\/p>\n","protected":false},"excerpt":{"rendered":"<p>O Comit\u00ea Gestor do eSocial aprovou o leiaute 2.4.01 do eSocial. A aprova\u00e7\u00e3o foi publicada hoje, dia 18, na se\u00e7\u00e3o 1 do Di\u00e1rio Oficial da Uni\u00e3o, na resolu\u00e7\u00e3o n\u00ba 12, de 12 de dezembro de 2017. Os leiautes j\u00e1 est\u00e3o dispon\u00edveis no site www.esocial.gov.br. Lembrando que o eSocial ser\u00e1 instaurado em cinco fases a partir [&hellip;]<\/p>\n","protected":false},"author":1,"featured_media":30872,"comment_status":"closed","ping_status":"closed","sticky":false,"template":"","format":"standard","meta":{"footnotes":""},"categories":[79],"tags":[],"_links":{"self":[{"href":"https:\/\/www.anamt.org.br\/portal\/wp-json\/wp\/v2\/posts\/32192"}],"collection":[{"href":"https:\/\/www.anamt.org.br\/portal\/wp-json\/wp\/v2\/posts"}],"about":[{"href":"https:\/\/www.anamt.org.br\/portal\/wp-json\/wp\/v2\/types\/post"}],"author":[{"embeddable":true,"href":"https:\/\/www.anamt.org.br\/portal\/wp-json\/wp\/v2\/users\/1"}],"replies":[{"embeddable":true,"href":"https:\/\/www.anamt.org.br\/portal\/wp-json\/wp\/v2\/comments?post=32192"}],"version-history":[{"count":0,"href":"https:\/\/www.anamt.org.br\/portal\/wp-json\/wp\/v2\/posts\/32192\/revisions"}],"wp:featuredmedia":[{"embeddable":true,"href":"https:\/\/www.anamt.org.br\/portal\/wp-json\/wp\/v2\/media\/30872"}],"wp:attachment":[{"href":"https:\/\/www.anamt.org.br\/portal\/wp-json\/wp\/v2\/media?parent=32192"}],"wp:term":[{"taxonomy":"category","embeddable":true,"href":"https:\/\/www.anamt.org.br\/portal\/wp-json\/wp\/v2\/categories?post=32192"},{"taxonomy":"post_tag","embeddable":true,"href":"https:\/\/www.anamt.org.br\/portal\/wp-json\/wp\/v2\/tags?post=32192"}],"curies":[{"name":"wp","href":"https:\/\/api.w.org\/{rel}","templated":true}]}}